{"id":221453,"date":"2024-03-05T09:58:10","date_gmt":"2024-03-05T12:58:10","guid":{"rendered":"https:\/\/diarioregionaldigital.com.br\/?p=221453"},"modified":"2024-03-05T09:58:10","modified_gmt":"2024-03-05T12:58:10","slug":"extrato-de-contrato-018-05-03-2024","status":"publish","type":"post","link":"https:\/\/diarioregionaldigital.com.br\/?p=221453","title":{"rendered":"EXTRATO DE CONTRATO 018 &#8211; 05\/03\/2024"},"content":{"rendered":"<p style=\"text-align: center;\">EXTRATO DE CONTRATO<\/p>\n<p style=\"text-align: center;\">Pref. Municipal de Descoberto x Cir\u00fargica Santa Joana Darc &#8211; Objeto: Aquisi\u00e7\u00e3o de equipamentos mobili\u00e1rio de<br \/>\nservi\u00e7o, destinados a equipar o Departamento de Sa\u00fade &#8211; Fundamento: Preg\u00e3o n\u00ba 001\/2024 &#8211; Valor Global:<br \/>\nR$7.285,00 &#8211; Vig\u00eancia: 12 meses &#8211; Dot or\u00e7: 02.02005.10.301.0004.1097.000171.449052.00- Ass: 01\/03\/2024 &#8211; Foro:<br \/>\nS\u00e3o Jo\u00e3o Nepomuceno\/MG.<\/p>\n<p style=\"text-align: center;\">Marcos de Ara\u00fajo Lima<br \/>\nPrefeito Municipal<\/p>\n","protected":false},"excerpt":{"rendered":"<p>EXTRATO DE CONTRATO Pref. Municipal de Descoberto x Cir\u00fargica Santa Joana Darc &#8211; Objeto: Aquisi\u00e7\u00e3o de equipamentos mobili\u00e1rio de servi\u00e7o, destinados a equipar o Departamento de Sa\u00fade &#8211; Fundamento: Preg\u00e3o n\u00ba 001\/2024 &#8211; Valor Global: R$7.285,00 &#8211; Vig\u00eancia: 12 meses &#8211; Dot or\u00e7: 02.02005.10.301.0004.1097.000171.449052.00- Ass: 01\/03\/2024 &#8211; Foro: S\u00e3o Jo\u00e3o Nepomuceno\/MG. Marcos de Ara\u00fajo Lima [&hellip;]<\/p>\n","protected":false},"author":246,"featured_media":0,"comment_status":"closed","ping_status":"closed","sticky":false,"template":"","format":"standard","meta":{"footnotes":""},"categories":[307],"tags":[],"class_list":["post-221453","post","type-post","status-publish","format-standard","hentry","category-editais"],"_links":{"self":[{"href":"https:\/\/diarioregionaldigital.com.br\/index.php?rest_route=\/wp\/v2\/posts\/221453","targetHints":{"allow":["GET"]}}],"collection":[{"href":"https:\/\/diarioregionaldigital.com.br\/index.php?rest_route=\/wp\/v2\/posts"}],"about":[{"href":"https:\/\/diarioregionaldigital.com.br\/index.php?rest_route=\/wp\/v2\/types\/post"}],"author":[{"embeddable":true,"href":"https:\/\/diarioregionaldigital.com.br\/index.php?rest_route=\/wp\/v2\/users\/246"}],"replies":[{"embeddable":true,"href":"https:\/\/diarioregionaldigital.com.br\/index.php?rest_route=%2Fwp%2Fv2%2Fcomments&post=221453"}],"version-history":[{"count":1,"href":"https:\/\/diarioregionaldigital.com.br\/index.php?rest_route=\/wp\/v2\/posts\/221453\/revisions"}],"predecessor-version":[{"id":221454,"href":"https:\/\/diarioregionaldigital.com.br\/index.php?rest_route=\/wp\/v2\/posts\/221453\/revisions\/221454"}],"wp:attachment":[{"href":"https:\/\/diarioregionaldigital.com.br\/index.php?rest_route=%2Fwp%2Fv2%2Fmedia&parent=221453"}],"wp:term":[{"taxonomy":"category","embeddable":true,"href":"https:\/\/diarioregionaldigital.com.br\/index.php?rest_route=%2Fwp%2Fv2%2Fcategories&post=221453"},{"taxonomy":"post_tag","embeddable":true,"href":"https:\/\/diarioregionaldigital.com.br\/index.php?rest_route=%2Fwp%2Fv2%2Ftags&post=221453"}],"curies":[{"name":"wp","href":"https:\/\/api.w.org\/{rel}","templated":true}]}}