{"id":221449,"date":"2024-03-05T09:56:56","date_gmt":"2024-03-05T12:56:56","guid":{"rendered":"https:\/\/diarioregionaldigital.com.br\/?p=221449"},"modified":"2024-03-05T09:56:56","modified_gmt":"2024-03-05T12:56:56","slug":"extrato-de-contrato-016-05-03-2024","status":"publish","type":"post","link":"https:\/\/diarioregionaldigital.com.br\/?p=221449","title":{"rendered":"EXTRATO DE CONTRATO 016 &#8211; 05\/03\/2024"},"content":{"rendered":"<p style=\"text-align: center;\">EXTRATO DE CONTRATO<\/p>\n<p style=\"text-align: center;\">Pref. Municipal de Descoberto x HM Inform\u00e1tica &#8211; Objeto: Aquisi\u00e7\u00e3o de equipamentos mobili\u00e1rio de servi\u00e7o, destinados<br \/>\na equipar o Departamento de Sa\u00fade &#8211; Fundamento: Preg\u00e3o n\u00ba 001\/2024 &#8211; Valor Global: R$20.098,00- Vig\u00eancia: 12<br \/>\nmeses &#8211; Dot or\u00e7: 02.02005.10.301.0004.1097.000171.449052.00- Ass: 01\/03\/2024 &#8211; Foro: S\u00e3o Jo\u00e3o<br \/>\nNepomuceno\/MG.<\/p>\n<p style=\"text-align: center;\">Marcos de Ara\u00fajo Lima<br \/>\nPrefeito Municipal<\/p>\n","protected":false},"excerpt":{"rendered":"<p>EXTRATO DE CONTRATO Pref. Municipal de Descoberto x HM Inform\u00e1tica &#8211; Objeto: Aquisi\u00e7\u00e3o de equipamentos mobili\u00e1rio de servi\u00e7o, destinados a equipar o Departamento de Sa\u00fade &#8211; Fundamento: Preg\u00e3o n\u00ba 001\/2024 &#8211; Valor Global: R$20.098,00- Vig\u00eancia: 12 meses &#8211; Dot or\u00e7: 02.02005.10.301.0004.1097.000171.449052.00- Ass: 01\/03\/2024 &#8211; Foro: S\u00e3o Jo\u00e3o Nepomuceno\/MG. Marcos de Ara\u00fajo Lima Prefeito Municipal<\/p>\n","protected":false},"author":246,"featured_media":0,"comment_status":"closed","ping_status":"closed","sticky":false,"template":"","format":"standard","meta":{"footnotes":""},"categories":[307],"tags":[],"class_list":["post-221449","post","type-post","status-publish","format-standard","hentry","category-editais"],"_links":{"self":[{"href":"https:\/\/diarioregionaldigital.com.br\/index.php?rest_route=\/wp\/v2\/posts\/221449","targetHints":{"allow":["GET"]}}],"collection":[{"href":"https:\/\/diarioregionaldigital.com.br\/index.php?rest_route=\/wp\/v2\/posts"}],"about":[{"href":"https:\/\/diarioregionaldigital.com.br\/index.php?rest_route=\/wp\/v2\/types\/post"}],"author":[{"embeddable":true,"href":"https:\/\/diarioregionaldigital.com.br\/index.php?rest_route=\/wp\/v2\/users\/246"}],"replies":[{"embeddable":true,"href":"https:\/\/diarioregionaldigital.com.br\/index.php?rest_route=%2Fwp%2Fv2%2Fcomments&post=221449"}],"version-history":[{"count":1,"href":"https:\/\/diarioregionaldigital.com.br\/index.php?rest_route=\/wp\/v2\/posts\/221449\/revisions"}],"predecessor-version":[{"id":221450,"href":"https:\/\/diarioregionaldigital.com.br\/index.php?rest_route=\/wp\/v2\/posts\/221449\/revisions\/221450"}],"wp:attachment":[{"href":"https:\/\/diarioregionaldigital.com.br\/index.php?rest_route=%2Fwp%2Fv2%2Fmedia&parent=221449"}],"wp:term":[{"taxonomy":"category","embeddable":true,"href":"https:\/\/diarioregionaldigital.com.br\/index.php?rest_route=%2Fwp%2Fv2%2Fcategories&post=221449"},{"taxonomy":"post_tag","embeddable":true,"href":"https:\/\/diarioregionaldigital.com.br\/index.php?rest_route=%2Fwp%2Fv2%2Ftags&post=221449"}],"curies":[{"name":"wp","href":"https:\/\/api.w.org\/{rel}","templated":true}]}}