{"id":221439,"date":"2024-03-05T09:53:34","date_gmt":"2024-03-05T12:53:34","guid":{"rendered":"https:\/\/diarioregionaldigital.com.br\/?p=221439"},"modified":"2024-03-05T09:53:34","modified_gmt":"2024-03-05T12:53:34","slug":"extrato-de-contrato-cont-011-05-03-2024","status":"publish","type":"post","link":"https:\/\/diarioregionaldigital.com.br\/?p=221439","title":{"rendered":"EXTRATO DE CONTRATO CONT 011 &#8211; 05\/03\/2024"},"content":{"rendered":"<p style=\"text-align: center;\">EXTRATO DE CONTRATO<\/p>\n<p style=\"text-align: center;\">Pref. Municipal de Descoberto x TF Compay Ltda &#8211; Objeto: Aquisi\u00e7\u00e3o de sacos de lixo de 200 litros refor\u00e7ado &#8211;<br \/>\nFundamento: Dispensa n\u00ba 003\/2024 &#8211; Valor Global: R$10.392,00 &#8211; Vig\u00eancia: 12 meses &#8211; Dot or\u00e7:<br \/>\n02.009.001.18.541.0013.2141.000037.339030.00- Ass: 01\/03\/2024 &#8211; Foro: S\u00e3o Jo\u00e3o Nepomuceno\/MG.<\/p>\n<p style=\"text-align: center;\">Marcos de Ara\u00fajo Lima<br \/>\nPrefeito Municipal<\/p>\n","protected":false},"excerpt":{"rendered":"<p>EXTRATO DE CONTRATO Pref. Municipal de Descoberto x TF Compay Ltda &#8211; Objeto: Aquisi\u00e7\u00e3o de sacos de lixo de 200 litros refor\u00e7ado &#8211; Fundamento: Dispensa n\u00ba 003\/2024 &#8211; Valor Global: R$10.392,00 &#8211; Vig\u00eancia: 12 meses &#8211; Dot or\u00e7: 02.009.001.18.541.0013.2141.000037.339030.00- Ass: 01\/03\/2024 &#8211; Foro: S\u00e3o Jo\u00e3o Nepomuceno\/MG. Marcos de Ara\u00fajo Lima Prefeito Municipal<\/p>\n","protected":false},"author":246,"featured_media":0,"comment_status":"closed","ping_status":"closed","sticky":false,"template":"","format":"standard","meta":{"footnotes":""},"categories":[307],"tags":[],"class_list":["post-221439","post","type-post","status-publish","format-standard","hentry","category-editais"],"_links":{"self":[{"href":"https:\/\/diarioregionaldigital.com.br\/index.php?rest_route=\/wp\/v2\/posts\/221439","targetHints":{"allow":["GET"]}}],"collection":[{"href":"https:\/\/diarioregionaldigital.com.br\/index.php?rest_route=\/wp\/v2\/posts"}],"about":[{"href":"https:\/\/diarioregionaldigital.com.br\/index.php?rest_route=\/wp\/v2\/types\/post"}],"author":[{"embeddable":true,"href":"https:\/\/diarioregionaldigital.com.br\/index.php?rest_route=\/wp\/v2\/users\/246"}],"replies":[{"embeddable":true,"href":"https:\/\/diarioregionaldigital.com.br\/index.php?rest_route=%2Fwp%2Fv2%2Fcomments&post=221439"}],"version-history":[{"count":1,"href":"https:\/\/diarioregionaldigital.com.br\/index.php?rest_route=\/wp\/v2\/posts\/221439\/revisions"}],"predecessor-version":[{"id":221440,"href":"https:\/\/diarioregionaldigital.com.br\/index.php?rest_route=\/wp\/v2\/posts\/221439\/revisions\/221440"}],"wp:attachment":[{"href":"https:\/\/diarioregionaldigital.com.br\/index.php?rest_route=%2Fwp%2Fv2%2Fmedia&parent=221439"}],"wp:term":[{"taxonomy":"category","embeddable":true,"href":"https:\/\/diarioregionaldigital.com.br\/index.php?rest_route=%2Fwp%2Fv2%2Fcategories&post=221439"},{"taxonomy":"post_tag","embeddable":true,"href":"https:\/\/diarioregionaldigital.com.br\/index.php?rest_route=%2Fwp%2Fv2%2Ftags&post=221439"}],"curies":[{"name":"wp","href":"https:\/\/api.w.org\/{rel}","templated":true}]}}