{"id":221433,"date":"2024-03-04T20:07:22","date_gmt":"2024-03-04T23:07:22","guid":{"rendered":"https:\/\/diarioregionaldigital.com.br\/?p=221433"},"modified":"2024-03-06T22:43:15","modified_gmt":"2024-03-07T01:43:15","slug":"ir-para-o-menu-0-ir-para-conteudo-1-ir-para-mapa-do-site-2-acessibilidade-3contraste-a-padrao-a-acesso-ao-site-vlibras-selo-prefeitura-de-juiz-de-fora-portal-do-tur","status":"publish","type":"post","link":"https:\/\/diarioregionaldigital.com.br\/?p=221433","title":{"rendered":"Prefeitura entra na reta final da revitaliza\u00e7\u00e3o da ponte Nelson Silva, no Costa Carvalho"},"content":{"rendered":"<p>Segundo informa\u00e7\u00f5es do site da Prefeitura de Juiz de Fora (PJF), a PJF segue cuidando dos caminhos da cidade. As equipes da Empresa Municipal de Pavimenta\u00e7\u00e3o e Urbanidades (Empav) avan\u00e7aram com os servi\u00e7os e entraram na reta final da revitaliza\u00e7\u00e3o da ponte Nelson Silva, no bairro Costa Carvalho.<\/p>\n<p>As revitaliza\u00e7\u00f5es incluem reparos como recomposi\u00e7\u00e3o de guarda-corpos e pisos, pintura e reparos nas partes de alvenaria. A iniciativa, al\u00e9m de deixar as pontes mais bonitas, garante mais conforto e seguran\u00e7a para o fluxo de ve\u00edculos e pedestres, e a conserva\u00e7\u00e3o das estruturas.<\/p>\n<p>A previs\u00e3o \u00e9 de que os trabalhos sejam conclu\u00eddos at\u00e9 o pr\u00f3ximo final de semana, em que o tr\u00e2nsito na ponte ficar\u00e1 novamente interditado para a finaliza\u00e7\u00e3o da revitaliza\u00e7\u00e3o.<\/p>\n<p>Vale lembrar que todos os servi\u00e7os de zeladoria do munic\u00edpio fazem parte do Programa Boniteza. A programa\u00e7\u00e3o completa das atividades realizadas pela PJF pode ser consultada atrav\u00e9s da p\u00e1gina do Gabinete, pelo\u00a0<a href=\"https:\/\/www.pjf.mg.gov.br\/gabinetecomunitario\/#onde\" target=\"_blank\" rel=\"noopener\"><strong>link<\/strong><\/a>.<\/p>\n","protected":false},"excerpt":{"rendered":"<p>Segundo informa\u00e7\u00f5es do site da Prefeitura de Juiz de Fora (PJF), a PJF segue cuidando dos caminhos da cidade. As equipes da Empresa Municipal de Pavimenta\u00e7\u00e3o e Urbanidades (Empav) avan\u00e7aram com os servi\u00e7os e entraram na reta final da revitaliza\u00e7\u00e3o da ponte Nelson Silva, no bairro Costa Carvalho. As revitaliza\u00e7\u00f5es incluem reparos como recomposi\u00e7\u00e3o de [&hellip;]<\/p>\n","protected":false},"author":246,"featured_media":221434,"comment_status":"closed","ping_status":"closed","sticky":false,"template":"","format":"standard","meta":{"footnotes":""},"categories":[253,436,439],"tags":[],"class_list":["post-221433","post","type-post","status-publish","format-standard","has-post-thumbnail","hentry","category-cidade","category-destaque-da-semana","category-ultima-hora"],"_links":{"self":[{"href":"https:\/\/diarioregionaldigital.com.br\/index.php?rest_route=\/wp\/v2\/posts\/221433","targetHints":{"allow":["GET"]}}],"collection":[{"href":"https:\/\/diarioregionaldigital.com.br\/index.php?rest_route=\/wp\/v2\/posts"}],"about":[{"href":"https:\/\/diarioregionaldigital.com.br\/index.php?rest_route=\/wp\/v2\/types\/post"}],"author":[{"embeddable":true,"href":"https:\/\/diarioregionaldigital.com.br\/index.php?rest_route=\/wp\/v2\/users\/246"}],"replies":[{"embeddable":true,"href":"https:\/\/diarioregionaldigital.com.br\/index.php?rest_route=%2Fwp%2Fv2%2Fcomments&post=221433"}],"version-history":[{"count":3,"href":"https:\/\/diarioregionaldigital.com.br\/index.php?rest_route=\/wp\/v2\/posts\/221433\/revisions"}],"predecessor-version":[{"id":221515,"href":"https:\/\/diarioregionaldigital.com.br\/index.php?rest_route=\/wp\/v2\/posts\/221433\/revisions\/221515"}],"wp:featuredmedia":[{"embeddable":true,"href":"https:\/\/diarioregionaldigital.com.br\/index.php?rest_route=\/wp\/v2\/media\/221434"}],"wp:attachment":[{"href":"https:\/\/diarioregionaldigital.com.br\/index.php?rest_route=%2Fwp%2Fv2%2Fmedia&parent=221433"}],"wp:term":[{"taxonomy":"category","embeddable":true,"href":"https:\/\/diarioregionaldigital.com.br\/index.php?rest_route=%2Fwp%2Fv2%2Fcategories&post=221433"},{"taxonomy":"post_tag","embeddable":true,"href":"https:\/\/diarioregionaldigital.com.br\/index.php?rest_route=%2Fwp%2Fv2%2Ftags&post=221433"}],"curies":[{"name":"wp","href":"https:\/\/api.w.org\/{rel}","templated":true}]}}