{"id":221430,"date":"2024-03-04T20:05:22","date_gmt":"2024-03-04T23:05:22","guid":{"rendered":"https:\/\/diarioregionaldigital.com.br\/?p=221430"},"modified":"2024-03-04T20:05:22","modified_gmt":"2024-03-04T23:05:22","slug":"pjf-publica-edital-de-inscricao-para-bem-casado-nesta-terca-feira-5","status":"publish","type":"post","link":"https:\/\/diarioregionaldigital.com.br\/?p=221430","title":{"rendered":"PJF publica edital de inscri\u00e7\u00e3o para \u201cBem Casado\u201d nesta ter\u00e7a-feira, 5"},"content":{"rendered":"<p>Segundo informa\u00e7\u00f5es do site da Prefeitura de Juiz de Fora (PJF), est\u00e1 chegando mais uma edi\u00e7\u00e3o do \u201cBem Casado\u201d. Nesta ter\u00e7a-feira, 5, a Prefeitura de Juiz de Fora (PJF) vai publicar o edital para a edi\u00e7\u00e3o de 2024 do projeto. Quem desejar participar do casamento comunit\u00e1rio poder\u00e1 se inscrever nos dias 18, 19 e 20 de mar\u00e7o (ou at\u00e9 serem preenchidas as vagas), na Casa da Mulher, localizada na Avenida Garibaldi Campinhos, 169, Vitorino Braga. O \u201cBem Casado\u201d ir\u00e1 possibilitar a uni\u00e3o de 174 casais, correspondentes a idade de Juiz de Fora, atrav\u00e9s do processo gratuito de legitima\u00e7\u00e3o da uni\u00e3o.<\/p>\n<p>De acordo com o secret\u00e1rio especial de Direitos Humanos, Biel Rocha, o programa \u201cBem Casado\u201d passa a integrar o calend\u00e1rio institucional da Prefeitura, uma iniciativa voltada para a promo\u00e7\u00e3o dos Direitos Humanos que proporciona prote\u00e7\u00e3o jur\u00eddica, garantia dos direitos civis, da regulariza\u00e7\u00e3o de rela\u00e7\u00f5es familiares e tamb\u00e9m da valoriza\u00e7\u00e3o do afeto. \u201cAl\u00e9m dos aspectos social, afetivo e jur\u00eddico, o casamento comunit\u00e1rio garante aos cidad\u00e3os e cidad\u00e3s vulner\u00e1veis a possibilidade de regularizar a uni\u00e3o civil com a isen\u00e7\u00e3o de taxas. \u00c9 um desafio e um dos momentos mais importantes da administra\u00e7\u00e3o esse grande abra\u00e7o que Juiz de Fora vai dar em 174 casais\u201d.<\/p>\n","protected":false},"excerpt":{"rendered":"<p>Segundo informa\u00e7\u00f5es do site da Prefeitura de Juiz de Fora (PJF), est\u00e1 chegando mais uma edi\u00e7\u00e3o do \u201cBem Casado\u201d. Nesta ter\u00e7a-feira, 5, a Prefeitura de Juiz de Fora (PJF) vai publicar o edital para a edi\u00e7\u00e3o de 2024 do projeto. Quem desejar participar do casamento comunit\u00e1rio poder\u00e1 se inscrever nos dias 18, 19 e 20 [&hellip;]<\/p>\n","protected":false},"author":246,"featured_media":221431,"comment_status":"closed","ping_status":"closed","sticky":false,"template":"","format":"standard","meta":{"footnotes":""},"categories":[253,436,440,439],"tags":[],"class_list":["post-221430","post","type-post","status-publish","format-standard","has-post-thumbnail","hentry","category-cidade","category-destaque-da-semana","category-destaques-do-dia","category-ultima-hora"],"_links":{"self":[{"href":"https:\/\/diarioregionaldigital.com.br\/index.php?rest_route=\/wp\/v2\/posts\/221430","targetHints":{"allow":["GET"]}}],"collection":[{"href":"https:\/\/diarioregionaldigital.com.br\/index.php?rest_route=\/wp\/v2\/posts"}],"about":[{"href":"https:\/\/diarioregionaldigital.com.br\/index.php?rest_route=\/wp\/v2\/types\/post"}],"author":[{"embeddable":true,"href":"https:\/\/diarioregionaldigital.com.br\/index.php?rest_route=\/wp\/v2\/users\/246"}],"replies":[{"embeddable":true,"href":"https:\/\/diarioregionaldigital.com.br\/index.php?rest_route=%2Fwp%2Fv2%2Fcomments&post=221430"}],"version-history":[{"count":1,"href":"https:\/\/diarioregionaldigital.com.br\/index.php?rest_route=\/wp\/v2\/posts\/221430\/revisions"}],"predecessor-version":[{"id":221432,"href":"https:\/\/diarioregionaldigital.com.br\/index.php?rest_route=\/wp\/v2\/posts\/221430\/revisions\/221432"}],"wp:featuredmedia":[{"embeddable":true,"href":"https:\/\/diarioregionaldigital.com.br\/index.php?rest_route=\/wp\/v2\/media\/221431"}],"wp:attachment":[{"href":"https:\/\/diarioregionaldigital.com.br\/index.php?rest_route=%2Fwp%2Fv2%2Fmedia&parent=221430"}],"wp:term":[{"taxonomy":"category","embeddable":true,"href":"https:\/\/diarioregionaldigital.com.br\/index.php?rest_route=%2Fwp%2Fv2%2Fcategories&post=221430"},{"taxonomy":"post_tag","embeddable":true,"href":"https:\/\/diarioregionaldigital.com.br\/index.php?rest_route=%2Fwp%2Fv2%2Ftags&post=221430"}],"curies":[{"name":"wp","href":"https:\/\/api.w.org\/{rel}","templated":true}]}}