{"id":221427,"date":"2024-03-04T20:03:16","date_gmt":"2024-03-04T23:03:16","guid":{"rendered":"https:\/\/diarioregionaldigital.com.br\/?p=221427"},"modified":"2024-03-04T20:03:16","modified_gmt":"2024-03-04T23:03:16","slug":"surfe-brasil-domina-isa-games-e-vai-com-forca-maxima-para-paris-2024","status":"publish","type":"post","link":"https:\/\/diarioregionaldigital.com.br\/?p=221427","title":{"rendered":"Surfe: Brasil domina ISA Games e vai com for\u00e7a m\u00e1xima para Paris 2024"},"content":{"rendered":"<p style=\"text-align: left;\">O surfe brasileiro competir\u00e1 com for\u00e7a m\u00e1xima na Olimp\u00edada de Paris. Ser\u00e3o seis atletas (tr\u00eas em cada g\u00eanero) \u00a0nas \u00e1guas da praia de Teahupo\u2019o (Taiti), onde ocorrer\u00e1 a disputa da modalidade nos Jogos. As vagas extras sa\u00edram para o Brasil neste domingo (3), no encerramento dos Jogos Mundiais de Surfe, o ISA Games, em Arecibo (Porto Rico), que reuniu atletas de mais de 50 pa\u00edses.\u00a0<img decoding=\"async\" src=\"https:\/\/agenciabrasil.ebc.com.br\/ebc.png?id=1584011&amp;o=node\" \/><img decoding=\"async\" src=\"https:\/\/agenciabrasil.ebc.com.br\/ebc.gif?id=1584011&amp;o=node\" \/><\/p>\n<p style=\"text-align: left;\">Tricampe\u00e3o mundial, Gabriel Medina conquistou o t\u00edtulo do ISA Games e, de quebra, carimbou a t\u00e3o sonhada vaga ol\u00edmpica.\u00a0No feminino, a ga\u00facha Tatiana Weston-Webb \u2013 j\u00e1 classificada para Paris \u2013 foi vice-campe\u00e3 do ISA Games, posi\u00e7\u00e3o suficiente para garantir a terceira vaga, do pa\u00eds, que ser\u00e1 de Luana Silva, filha de brasileiros, nascida no Hava\u00ed. Luana\u00a0tamb\u00e9m competiu no ISA Games, mas foi eliminada no round cinco da repescagem.<\/p>\n<p style=\"text-align: left;\">Com o t\u00edtulo de Medina, a equipe brasileira foi a que mais pontou no ISA Games: somou 3696, deixando para tr\u00e1s a Fran\u00e7a (3360) em segundo lugar, e a Austr\u00e1lia (2895) em terceiro.\u00a0\u00a0O surfista, nascido em S\u00e3o Sebasti\u00e3o (SP), representar\u00e1 o pa\u00eds nos Jogos de Paris, ao lado dos j\u00e1 classificados<a href=\"https:\/\/agenciabrasil.ebc.com.br\/esportes\/noticia\/2023-07\/surfe-filipinho-e-tricampeao-na-africa-do-sul-e-carimba-vaga-em-paris\"><strong>\u00a0Filipe Toledo<\/strong><\/a>, o Filipinho,\u00a0\u00a0e\u00a0<a href=\"https:\/\/agenciabrasil.ebc.com.br\/esportes\/noticia\/2023-08\/chumbinho-se-classifica-ao-wsl-finals-e-garante-2a-vaga-em-paris-2024\"><strong>Jo\u00e3o Chianca, o Chumbinho<\/strong><\/a>.<\/p>\n<blockquote><p>\u201cEu n\u00e3o sabia se minha vaga viria, mas eu s\u00f3 tentei dar o meu melhor. Se eu n\u00e3o fosse [aos Jogos de Paris] algu\u00e9m iria, e \u00e9 isso, n\u00f3s somos um time. E eu acho que todos estavam com esse esp\u00edrito, ent\u00e3o isso ajuda muito e eu quero agradece o time brasileiro que trabalhou muito nos bastidores tamb\u00e9m, todos os caras, \u00e9, isso foi incr\u00edvel \u2013 comemorou Medina, que fez uma campanha invicita ao vencer oito baterias mais a disputa final masculina do ISA Games.<\/p><\/blockquote>\n<p style=\"text-align: left;\"><a href=\"https:\/\/agenciabrasil.ebc.com.br\/esportes\/noticia\/2023-04\/tatiana-weston-webb-garante-presenca-nos-jogos-olimpicos-de-paris\"><strong>Primeira atleta do surfe a se classificar para Paris 2024<\/strong><\/a>, Tati Weston-Webb era s\u00f3 emo\u00e7\u00e3o ao final da decis\u00e3o do t\u00edtulo. Ela assegurou Luana Silva nos Jogos, e a equipe feminina contar\u00e1 ainda com Tain\u00e1\u00a0Henckel, que carimbou a vaga na \u00faltima quinta, em Arecibo (Porto Rico).<\/p>\n<blockquote>\n<p style=\"text-align: left;\">&#8220;Significa muito n\u00e3o s\u00f3 para mim, mas para a equipe. Estamos sempre nos ajudando, sabemos o quanto \u00e9 importante. Quando soube que tinha conseguido a terceira vaga, foi muito emocionante&#8221;, revelou Tati Weston-Webb, em depoimento ao Comit\u00ea Ol\u00edmpico Internacional (COI).<\/p>\n<h2 style=\"text-align: left;\">Domingo decisivo<\/h2>\n<p style=\"text-align: left;\">No \u00faltimo dia de disputas, Medina e Yago Dora seguiam firmes no ISA Games na disputa das equipes masculinas, e Tati e Tain\u00e1 na competi\u00e7\u00e3o feminina. \u00a0No entanto, o catarinense Yago Dora, que disputava a repescagem, parou logo na primeira bateria do domingo e coube a Medina a miss\u00e3o de definir a competi\u00e7\u00e3o. O paulista de S\u00e3o Sebasti\u00e3o, triunfou na primeira bateria da chave principal, e na final levou a melhor no somat\u00f3rio com total de 16.40, \u00e0 frente do marroquino Ramzi Boukhiam (15.34), primeiro colocado na repescagem.<\/p>\n<p style=\"text-align: left;\">J\u00e1 na competi\u00e7\u00e3o feminina, Tati e Tain\u00e1 come\u00e7aram o domingo disputando a nona etapa da repescagem. Tati avan\u00e7ou em segundo lugar, com nota 13.04 \u2013 atr\u00e1s da israelense Anat Leilor (13.97) \u2013 e Tain\u00e1 foi eliminada, ao ficar em terceiro lugar (11.13), assim como a norte-americana Carissa Moore (9.33).<\/p>\n<p style=\"text-align: left;\">Tati seguiu segui dominando a 10\u00aa e \u00faltima etapa da repescagem: somou 12.83 contra 9.93 da australiana Sally Fitzgibbons. No entanto, na decis\u00e3o do t\u00edtulo, a australiana levou a melhor com nota 13.10 e a brasileira ficou com em segundo lugar ao somar 12.24.<\/p>\n<p>Fonte: Ag\u00eancia Brasil<\/p>\n<\/blockquote>\n","protected":false},"excerpt":{"rendered":"<p>O surfe brasileiro competir\u00e1 com for\u00e7a m\u00e1xima na Olimp\u00edada de Paris. Ser\u00e3o seis atletas (tr\u00eas em cada g\u00eanero) \u00a0nas \u00e1guas da praia de Teahupo\u2019o (Taiti), onde ocorrer\u00e1 a disputa da modalidade nos Jogos. As vagas extras sa\u00edram para o Brasil neste domingo (3), no encerramento dos Jogos Mundiais de Surfe, o ISA Games, em Arecibo [&hellip;]<\/p>\n","protected":false},"author":246,"featured_media":221428,"comment_status":"closed","ping_status":"closed","sticky":false,"template":"","format":"standard","meta":{"footnotes":""},"categories":[436,257,439],"tags":[],"class_list":["post-221427","post","type-post","status-publish","format-standard","has-post-thumbnail","hentry","category-destaque-da-semana","category-esporte","category-ultima-hora"],"_links":{"self":[{"href":"https:\/\/diarioregionaldigital.com.br\/index.php?rest_route=\/wp\/v2\/posts\/221427","targetHints":{"allow":["GET"]}}],"collection":[{"href":"https:\/\/diarioregionaldigital.com.br\/index.php?rest_route=\/wp\/v2\/posts"}],"about":[{"href":"https:\/\/diarioregionaldigital.com.br\/index.php?rest_route=\/wp\/v2\/types\/post"}],"author":[{"embeddable":true,"href":"https:\/\/diarioregionaldigital.com.br\/index.php?rest_route=\/wp\/v2\/users\/246"}],"replies":[{"embeddable":true,"href":"https:\/\/diarioregionaldigital.com.br\/index.php?rest_route=%2Fwp%2Fv2%2Fcomments&post=221427"}],"version-history":[{"count":1,"href":"https:\/\/diarioregionaldigital.com.br\/index.php?rest_route=\/wp\/v2\/posts\/221427\/revisions"}],"predecessor-version":[{"id":221429,"href":"https:\/\/diarioregionaldigital.com.br\/index.php?rest_route=\/wp\/v2\/posts\/221427\/revisions\/221429"}],"wp:featuredmedia":[{"embeddable":true,"href":"https:\/\/diarioregionaldigital.com.br\/index.php?rest_route=\/wp\/v2\/media\/221428"}],"wp:attachment":[{"href":"https:\/\/diarioregionaldigital.com.br\/index.php?rest_route=%2Fwp%2Fv2%2Fmedia&parent=221427"}],"wp:term":[{"taxonomy":"category","embeddable":true,"href":"https:\/\/diarioregionaldigital.com.br\/index.php?rest_route=%2Fwp%2Fv2%2Fcategories&post=221427"},{"taxonomy":"post_tag","embeddable":true,"href":"https:\/\/diarioregionaldigital.com.br\/index.php?rest_route=%2Fwp%2Fv2%2Ftags&post=221427"}],"curies":[{"name":"wp","href":"https:\/\/api.w.org\/{rel}","templated":true}]}}