{"id":221380,"date":"2024-02-29T21:53:31","date_gmt":"2024-03-01T00:53:31","guid":{"rendered":"https:\/\/diarioregionaldigital.com.br\/?p=221380"},"modified":"2024-02-29T21:53:31","modified_gmt":"2024-03-01T00:53:31","slug":"lara-lima-garante-prata-na-copa-do-mundo-de-halterofilismo-paralimpico","status":"publish","type":"post","link":"https:\/\/diarioregionaldigital.com.br\/?p=221380","title":{"rendered":"Lara Lima garante prata na Copa do Mundo de halterofilismo paral\u00edmpico"},"content":{"rendered":"<p>A mineira Lara Lima conquistou nesta quinta-feira (29) a primeira medalha do Brasil na atual edi\u00e7\u00e3o da Copa do Mundo de halterofilismo paral\u00edmpico, que est\u00e1 sendo disputada em Dubai (Emirados \u00c1rabes Unidos). A conquista veio na categoria at\u00e9 41 quilos.<img decoding=\"async\" src=\"https:\/\/agenciabrasil.ebc.com.br\/ebc.png?id=1583694&amp;o=node\" \/><img decoding=\"async\" src=\"https:\/\/agenciabrasil.ebc.com.br\/ebc.gif?id=1583694&amp;o=node\" \/><\/p>\n<p>Lara garantiu a segunda coloca\u00e7\u00e3o da prova ao erguer 100 quilos em sua segunda e melhor tentativa na disputa. J\u00e1 a chinesa Cui Zhe ficou com o ouro ao levantar 115 quilos, enquanto o bronze fooi garantido pela ucraniana Maryna Koriuka, que alcan\u00e7ou a marca de 93 quilos.<\/p>\n<p>Com esta performance na competi\u00e7\u00e3o, Lara permanece na quarta coloca\u00e7\u00e3o do ranking mundial, que serve de crit\u00e9rio de classifica\u00e7\u00e3o de seis mulheres por categoria para a pr\u00f3xima edi\u00e7\u00e3o dos Jogos Paral\u00edmpicos, que ser\u00e3o disputados em Paris (Fran\u00e7a).<\/p>\n<p>A Copa do Mundo de halterofilismo \u00e9 etapa obrigat\u00f3ria para os halterofilistas que buscam a classifica\u00e7\u00e3o para os Jogos de Paris. Al\u00e9m disso, a competi\u00e7\u00e3o permite a obten\u00e7\u00e3o de marcas que levam a uma melhor posi\u00e7\u00e3o no ranking de acesso aos Jogos. Cada pa\u00eds pode levar apenas um atleta por categoria ao megaevento.<\/p>\n<p>Fonte: Ag\u00eancia Brasil<\/p>\n","protected":false},"excerpt":{"rendered":"<p>A mineira Lara Lima conquistou nesta quinta-feira (29) a primeira medalha do Brasil na atual edi\u00e7\u00e3o da Copa do Mundo de halterofilismo paral\u00edmpico, que est\u00e1 sendo disputada em Dubai (Emirados \u00c1rabes Unidos). A conquista veio na categoria at\u00e9 41 quilos. Lara garantiu a segunda coloca\u00e7\u00e3o da prova ao erguer 100 quilos em sua segunda e [&hellip;]<\/p>\n","protected":false},"author":246,"featured_media":221381,"comment_status":"closed","ping_status":"closed","sticky":false,"template":"","format":"standard","meta":{"footnotes":""},"categories":[436,440,257,439],"tags":[],"class_list":["post-221380","post","type-post","status-publish","format-standard","has-post-thumbnail","hentry","category-destaque-da-semana","category-destaques-do-dia","category-esporte","category-ultima-hora"],"_links":{"self":[{"href":"https:\/\/diarioregionaldigital.com.br\/index.php?rest_route=\/wp\/v2\/posts\/221380","targetHints":{"allow":["GET"]}}],"collection":[{"href":"https:\/\/diarioregionaldigital.com.br\/index.php?rest_route=\/wp\/v2\/posts"}],"about":[{"href":"https:\/\/diarioregionaldigital.com.br\/index.php?rest_route=\/wp\/v2\/types\/post"}],"author":[{"embeddable":true,"href":"https:\/\/diarioregionaldigital.com.br\/index.php?rest_route=\/wp\/v2\/users\/246"}],"replies":[{"embeddable":true,"href":"https:\/\/diarioregionaldigital.com.br\/index.php?rest_route=%2Fwp%2Fv2%2Fcomments&post=221380"}],"version-history":[{"count":1,"href":"https:\/\/diarioregionaldigital.com.br\/index.php?rest_route=\/wp\/v2\/posts\/221380\/revisions"}],"predecessor-version":[{"id":221382,"href":"https:\/\/diarioregionaldigital.com.br\/index.php?rest_route=\/wp\/v2\/posts\/221380\/revisions\/221382"}],"wp:featuredmedia":[{"embeddable":true,"href":"https:\/\/diarioregionaldigital.com.br\/index.php?rest_route=\/wp\/v2\/media\/221381"}],"wp:attachment":[{"href":"https:\/\/diarioregionaldigital.com.br\/index.php?rest_route=%2Fwp%2Fv2%2Fmedia&parent=221380"}],"wp:term":[{"taxonomy":"category","embeddable":true,"href":"https:\/\/diarioregionaldigital.com.br\/index.php?rest_route=%2Fwp%2Fv2%2Fcategories&post=221380"},{"taxonomy":"post_tag","embeddable":true,"href":"https:\/\/diarioregionaldigital.com.br\/index.php?rest_route=%2Fwp%2Fv2%2Ftags&post=221380"}],"curies":[{"name":"wp","href":"https:\/\/api.w.org\/{rel}","templated":true}]}}