{"id":221374,"date":"2024-02-29T21:50:06","date_gmt":"2024-03-01T00:50:06","guid":{"rendered":"https:\/\/diarioregionaldigital.com.br\/?p=221374"},"modified":"2024-02-29T21:50:06","modified_gmt":"2024-03-01T00:50:06","slug":"ministros-dos-g20-nao-chegam-a-consenso-sobre-comunicado-conjunto","status":"publish","type":"post","link":"https:\/\/diarioregionaldigital.com.br\/?p=221374","title":{"rendered":"Ministros dos G20 n\u00e3o chegam a consenso sobre comunicado conjunto"},"content":{"rendered":"<p>Em entrevista \u00e0 imprensa\u00a0na noite desta quinta-feira no encerramento do G20, o ministro da Fazenda, Fernando Haddad, admitiu que n\u00e3o houve consenso entre os\u00a0pa\u00edses do bloco para elaborar um comunicado conjunto sobre o evento, que reuniu ministros de finan\u00e7as e dos Bancos Centrais do bloco, em S\u00e3o Paulo.<img decoding=\"async\" src=\"https:\/\/agenciabrasil.ebc.com.br\/ebc.png?id=1583698&amp;o=node\" \/><img decoding=\"async\" src=\"https:\/\/agenciabrasil.ebc.com.br\/ebc.gif?id=1583698&amp;o=node\" \/><\/p>\n<p>Segundo o ministro, houve entendimento em torno dos temas espec\u00edficos trabalhados na trilha financeira, mas a falta de consenso recaiu quanto \u00e0 refer\u00eancia sobre\u00a0conflitos geopol\u00edticos. \u201cNo que diz respeito \u00e0 trilha financeira, houve consenso em tudo o que n\u00f3s tratamos. N\u00f3s n\u00e3o discutimos temas dos conflitos geopol\u00edticos em nossas reuni\u00f5es. Isso n\u00e3o foi trazido para discuss\u00e3o em plen\u00e1rio. E a\u00ed fica muito dif\u00edcil quando os ministros e os presidentes dos Bancos Centrais n\u00e3o participam da discuss\u00e3o, chegar a um consenso sobre um tema que n\u00e3o era e n\u00e3o foi tratado no \u00e2mbito da trilha financeira\u201d, disse o ministro.<\/p>\n<p>No entanto, acrescentou Haddad, dever\u00e1 ser publicado nas &#8220;pr\u00f3ximas horas&#8221; um documento\u00a0no site do Minist\u00e9rio da Fazenda, j\u00e1 que o Brasil ocupa a presid\u00eancia do bloco neste momento. \u201cVamos divulgar aquilo que seria consenso da trilha financeira no site do Minist\u00e9rio nas pr\u00f3ximas horas. Isso est\u00e1 fechado e seria assinado se n\u00e3o fosse a insist\u00eancia de alguns membros do G20 de fazer constar uma nota, que seria at\u00e9 de rodap\u00e9, que n\u00e3o comporia o corpo do comunicado, fazendo refer\u00eancia a essas quest\u00f5es sobre as quais houve uma certa insist\u00eancia\u201d.<\/p>\n<p>Para Haddad, os conflitos geopol\u00edticos\u00a0que geraram o impasse\u00a0deveriam ter sido tratados nos eventos diplom\u00e1ticos \u2013 e n\u00e3o na trilha financeira. \u201cEsse comunicado da presid\u00eancia \u00e9 a express\u00e3o consensual daquilo que foi discutido no \u00e2mbito do f\u00f3rum ao qual pertencemos. N\u00f3s hav\u00edamos nutrido a esperan\u00e7a de que temas mais sens\u00edveis relativos \u00e0 geopol\u00edtica fossem debatidos exclusivamente no\u00a0<em>track<\/em>\u00a0diplom\u00e1tico. Imagin\u00e1vamos que essa divis\u00e3o de trabalho pudesse acontecer. Mas como na reuni\u00e3o da semana passada, no Rio de Janeiro, n\u00e3o se chegou a uma reda\u00e7\u00e3o comum, isso acabou contaminando o estabelecimento de um consenso na nossa, se tornou quase uma impossibilidade l\u00f3gica. Se n\u00e3o foi poss\u00edvel l\u00e1, dificilmente ir\u00edamos chegar a uma solu\u00e7\u00e3o satisfat\u00f3ria aqui\u201d.<\/p>\n<p>Questionado por jornalistas se a falta de consenso para a elabora\u00e7\u00e3o de um documento conjunto o deixou frustrado, Haddad respondeu que a \u201creuni\u00e3o [do G20] foi um sucesso, a trilha financeira foi um sucesso\u201d.<\/p>\n<p>\u201cFomos aplaudidos no resultado da reuni\u00e3o. O final da reuni\u00e3o foi apote\u00f3tico. Mas agora vamos trabalhar mais duro nessas quest\u00f5es onde houve dissenso\u201d, afirmou.<\/p>\n<h2>Tributa\u00e7\u00e3o de grandes fortunas<\/h2>\n<p>Haddad disse ainda que o Brasil espera concluir a presid\u00eancia no G20, que termina em novembro deste ano, tendo encerrado\u00a0os pilares 1 e 2 da Organiza\u00e7\u00e3o para a Coopera\u00e7\u00e3o e Desenvolvimento Econ\u00f4mico ou Econ\u00f3mico (OCDE). Os dois pilares tratam da distribui\u00e7\u00e3o dos direitos de tributa\u00e7\u00e3o sobre os lucros das multinacionais entre os pa\u00edses e\u00a0o estabelecimento de uma tributa\u00e7\u00e3o m\u00ednima global para essas empresas globais. \u201cNossa inten\u00e7\u00e3o \u00e9 abrir um horizonte de discuss\u00f5es que passem por temas que n\u00e3o foram tratados\u201d.<\/p>\n<p>Durante a realiza\u00e7\u00e3o do G20 em S\u00e3o Paulo, Haddad chegou a propor um terceiro pilar:\u00a0<a href=\"https:\/\/agenciabrasil.ebc.com.br\/economia\/noticia\/2024-02\/haddad-quer-uniao-internacional-para-taxar-super-ricos\" target=\"_blank\" rel=\"noopener\">a tributa\u00e7\u00e3o sobre os bilion\u00e1rios<\/a>.<\/p>\n<p>\u201cComo os dois primeiros pilares, haver\u00e1 muito debate a respeito disso [pilar 3], o que \u00e9 absolutamente natural, at\u00e9 porque nem todo pa\u00eds sente da mesma maneira esse problema que foi trazido pelo G20 pelo Brasil. H\u00e1 pa\u00edses bem equacionados em rela\u00e7\u00e3o a isso e que n\u00e3o sofrem com a falta de regras internacionais sobre tributa\u00e7\u00e3o. Em geral, [s\u00e3o] os pa\u00edses muito ricos\u201d, explicou.<\/p>\n<p>Fonte: Ag\u00eancia Brasil<\/p>\n","protected":false},"excerpt":{"rendered":"<p>Em entrevista \u00e0 imprensa\u00a0na noite desta quinta-feira no encerramento do G20, o ministro da Fazenda, Fernando Haddad, admitiu que n\u00e3o houve consenso entre os\u00a0pa\u00edses do bloco para elaborar um comunicado conjunto sobre o evento, que reuniu ministros de finan\u00e7as e dos Bancos Centrais do bloco, em S\u00e3o Paulo. Segundo o ministro, houve entendimento em torno [&hellip;]<\/p>\n","protected":false},"author":246,"featured_media":221375,"comment_status":"closed","ping_status":"closed","sticky":false,"template":"","format":"standard","meta":{"footnotes":""},"categories":[436,440,261],"tags":[],"class_list":["post-221374","post","type-post","status-publish","format-standard","has-post-thumbnail","hentry","category-destaque-da-semana","category-destaques-do-dia","category-economia"],"_links":{"self":[{"href":"https:\/\/diarioregionaldigital.com.br\/index.php?rest_route=\/wp\/v2\/posts\/221374","targetHints":{"allow":["GET"]}}],"collection":[{"href":"https:\/\/diarioregionaldigital.com.br\/index.php?rest_route=\/wp\/v2\/posts"}],"about":[{"href":"https:\/\/diarioregionaldigital.com.br\/index.php?rest_route=\/wp\/v2\/types\/post"}],"author":[{"embeddable":true,"href":"https:\/\/diarioregionaldigital.com.br\/index.php?rest_route=\/wp\/v2\/users\/246"}],"replies":[{"embeddable":true,"href":"https:\/\/diarioregionaldigital.com.br\/index.php?rest_route=%2Fwp%2Fv2%2Fcomments&post=221374"}],"version-history":[{"count":1,"href":"https:\/\/diarioregionaldigital.com.br\/index.php?rest_route=\/wp\/v2\/posts\/221374\/revisions"}],"predecessor-version":[{"id":221376,"href":"https:\/\/diarioregionaldigital.com.br\/index.php?rest_route=\/wp\/v2\/posts\/221374\/revisions\/221376"}],"wp:featuredmedia":[{"embeddable":true,"href":"https:\/\/diarioregionaldigital.com.br\/index.php?rest_route=\/wp\/v2\/media\/221375"}],"wp:attachment":[{"href":"https:\/\/diarioregionaldigital.com.br\/index.php?rest_route=%2Fwp%2Fv2%2Fmedia&parent=221374"}],"wp:term":[{"taxonomy":"category","embeddable":true,"href":"https:\/\/diarioregionaldigital.com.br\/index.php?rest_route=%2Fwp%2Fv2%2Fcategories&post=221374"},{"taxonomy":"post_tag","embeddable":true,"href":"https:\/\/diarioregionaldigital.com.br\/index.php?rest_route=%2Fwp%2Fv2%2Ftags&post=221374"}],"curies":[{"name":"wp","href":"https:\/\/api.w.org\/{rel}","templated":true}]}}