{"id":221368,"date":"2024-02-28T09:37:28","date_gmt":"2024-02-28T12:37:28","guid":{"rendered":"https:\/\/diarioregionaldigital.com.br\/?p=221368"},"modified":"2024-02-28T09:37:28","modified_gmt":"2024-02-28T12:37:28","slug":"vasco-supera-marcilio-dias-por-3-a-1-para-avancar-na-copa-do-brasil","status":"publish","type":"post","link":"https:\/\/diarioregionaldigital.com.br\/?p=221368","title":{"rendered":"Vasco supera Marc\u00edlio Dias por 3 a 1 para avan\u00e7ar na Copa do Brasil"},"content":{"rendered":"<p>O Vasco avan\u00e7ou para a 2\u00aa fase da Copa do Brasil ap\u00f3s derrotar o Marc\u00edlio Dias por 3 a 1, na noite desta ter\u00e7a-feira (27) no Gigant\u00e3o das Avenidas, em Itaja\u00ed (Santa Catarina). A\u00a0<strong>R\u00e1dio Nacional<\/strong>\u00a0transmitiu ao vivo o confronto.<img decoding=\"async\" src=\"https:\/\/agenciabrasil.ebc.com.br\/ebc.png?id=1583255&amp;o=node\" \/><img decoding=\"async\" src=\"https:\/\/agenciabrasil.ebc.com.br\/ebc.gif?id=1583255&amp;o=node\" \/><\/p>\n<p>Sem contar com o seu primeiro articulador de jogadas, o franc\u00eas Payet, o Cruzmaltino apostou nas jogadas pelas pontas. E foi justamente desta forma que a equipe comandada pelo t\u00e9cnico argentino Ram\u00f3n D\u00edaz abriu o marcador. Aos 10 minutos Rossi cruzou rasteiro em dire\u00e7\u00e3o \u00e0 \u00e1rea, onde Vegetti finalizou com perfei\u00e7\u00e3o.<\/p>\n<p>Mas a vantagem durou apenas cinco minutos, pois Z\u00e9 Eduardo marcou de cabe\u00e7a para igualar para o Marc\u00edlio Dias. Por\u00e9m, um pouco antes do intervalo, o Vasco voltou a ficar \u00e0 frente, gra\u00e7as a Adson, que aproveitou sobra de bola para deixar o seu. Na etapa final, aos 28 minutos, David marcou para dar n\u00fameros finais ao confronto.<\/p>\n<h2>Bragantino avan\u00e7a na Libertadores<\/h2>\n<p>Pela 2\u00aa fase pr\u00e9via da Copa Libertadores, o Bragantino superou o \u00c1guilas Doradas (Col\u00f4mbia) por 4 a 3 na disputa de p\u00eanaltis, ap\u00f3s empate sem gols em Bragan\u00e7a Paulista, para seguir vivo em busca de uma vaga na etapa de grupos da competi\u00e7\u00e3o continental.<\/p>\n<p>O classificado teve que ser definido nas penalidades m\u00e1ximas porque as equipes tamb\u00e9m ficaram no 0 a 0 no confronto de ida. Agora o Massa Bruta aguarda o resultado do jogo entre Botafogo e Aurora (Bol\u00edvia), na pr\u00f3xima quinta-feira (28) no est\u00e1dio Nilton Santos, no Rio de Janeiro, para conhecer o seu advers\u00e1rio na pr\u00f3xima etapa da Pr\u00e9-Libertadores.<\/p>\n<p>Fonte: Ag\u00eancia Brasil<\/p>\n","protected":false},"excerpt":{"rendered":"<p>O Vasco avan\u00e7ou para a 2\u00aa fase da Copa do Brasil ap\u00f3s derrotar o Marc\u00edlio Dias por 3 a 1, na noite desta ter\u00e7a-feira (27) no Gigant\u00e3o das Avenidas, em Itaja\u00ed (Santa Catarina). A\u00a0R\u00e1dio Nacional\u00a0transmitiu ao vivo o confronto. Sem contar com o seu primeiro articulador de jogadas, o franc\u00eas Payet, o Cruzmaltino apostou nas [&hellip;]<\/p>\n","protected":false},"author":246,"featured_media":221369,"comment_status":"closed","ping_status":"closed","sticky":false,"template":"","format":"standard","meta":{"footnotes":""},"categories":[436,440,257,439],"tags":[],"class_list":["post-221368","post","type-post","status-publish","format-standard","has-post-thumbnail","hentry","category-destaque-da-semana","category-destaques-do-dia","category-esporte","category-ultima-hora"],"_links":{"self":[{"href":"https:\/\/diarioregionaldigital.com.br\/index.php?rest_route=\/wp\/v2\/posts\/221368","targetHints":{"allow":["GET"]}}],"collection":[{"href":"https:\/\/diarioregionaldigital.com.br\/index.php?rest_route=\/wp\/v2\/posts"}],"about":[{"href":"https:\/\/diarioregionaldigital.com.br\/index.php?rest_route=\/wp\/v2\/types\/post"}],"author":[{"embeddable":true,"href":"https:\/\/diarioregionaldigital.com.br\/index.php?rest_route=\/wp\/v2\/users\/246"}],"replies":[{"embeddable":true,"href":"https:\/\/diarioregionaldigital.com.br\/index.php?rest_route=%2Fwp%2Fv2%2Fcomments&post=221368"}],"version-history":[{"count":1,"href":"https:\/\/diarioregionaldigital.com.br\/index.php?rest_route=\/wp\/v2\/posts\/221368\/revisions"}],"predecessor-version":[{"id":221370,"href":"https:\/\/diarioregionaldigital.com.br\/index.php?rest_route=\/wp\/v2\/posts\/221368\/revisions\/221370"}],"wp:featuredmedia":[{"embeddable":true,"href":"https:\/\/diarioregionaldigital.com.br\/index.php?rest_route=\/wp\/v2\/media\/221369"}],"wp:attachment":[{"href":"https:\/\/diarioregionaldigital.com.br\/index.php?rest_route=%2Fwp%2Fv2%2Fmedia&parent=221368"}],"wp:term":[{"taxonomy":"category","embeddable":true,"href":"https:\/\/diarioregionaldigital.com.br\/index.php?rest_route=%2Fwp%2Fv2%2Fcategories&post=221368"},{"taxonomy":"post_tag","embeddable":true,"href":"https:\/\/diarioregionaldigital.com.br\/index.php?rest_route=%2Fwp%2Fv2%2Ftags&post=221368"}],"curies":[{"name":"wp","href":"https:\/\/api.w.org\/{rel}","templated":true}]}}