{"id":221341,"date":"2024-02-27T02:36:54","date_gmt":"2024-02-27T05:36:54","guid":{"rendered":"https:\/\/diarioregionaldigital.com.br\/?p=221341"},"modified":"2024-02-27T02:36:54","modified_gmt":"2024-02-27T05:36:54","slug":"brasil-assina-acordo-para-elevar-numero-de-mulheres-exportadoras","status":"publish","type":"post","link":"https:\/\/diarioregionaldigital.com.br\/?p=221341","title":{"rendered":"Brasil assina acordo para elevar n\u00famero de mulheres exportadoras"},"content":{"rendered":"<p>O Brasil assinou nesta segunda-feira (26) um compromisso para elevar a participa\u00e7\u00e3o das mulheres no setor exportador. O pa\u00eds tornou-se o d\u00e9cimo a aderir ao Arranjo Global sobre Com\u00e9rcio e G\u00eanero.<img decoding=\"async\" src=\"https:\/\/agenciabrasil.ebc.com.br\/ebc.png?id=1582966&amp;o=node\" \/><img decoding=\"async\" src=\"https:\/\/agenciabrasil.ebc.com.br\/ebc.gif?id=1582966&amp;o=node\" \/><\/p>\n<p>O ministro das Rela\u00e7\u00f5es Exteriores, Mauro Vieira, assinou o documento em Abu Dhabi, em evento paralelo \u00e0 13\u00aa Confer\u00eancia Ministerial da Organiza\u00e7\u00e3o Mundial do Com\u00e9rcio (OMC). A secret\u00e1ria de Com\u00e9rcio Exterior do Minist\u00e9rio do Desenvolvimento, Ind\u00fastria, Com\u00e9rcio e Servi\u00e7os (Mdic), Tatiana Prazeres, tamb\u00e9m representou o Brasil no evento.<\/p>\n<p>No ano passado, o Mdic publicou o estudo<em>\u00a0\u201cMulheres no Com\u00e9rcio Exterior \u2013 uma an\u00e1lise para o Brasil\u201d<\/em>. Segundo o levantamento, em 2019, 2,6 milh\u00f5es dos empregos nas empresas que atuam no com\u00e9rcio exterior brasileiro eram ocupados por mulheres, representando 32,5% dos empregos totais nessas firmas. Em rela\u00e7\u00e3o \u00e0 propriedade, apenas 14% das empresas exportadoras pertenciam a mulheres ou tinham mais controle de mulheres que de homens.<\/p>\n<p>\u201cEsses dados revelam haver ainda amplo potencial para que as mulheres se beneficiem do com\u00e9rcio exterior, seja como trabalhadoras ou empreendedoras\u201d, destacaram em nota conjunta o Mdic e o Itamaraty. \u201cA ades\u00e3o vai ao encontro de outras iniciativas com o objetivo de permitir que o com\u00e9rcio promova o empoderamento feminino e a equidade de g\u00eanero, por meio da elabora\u00e7\u00e3o de pol\u00edticas p\u00fablicas e da coopera\u00e7\u00e3o internacional\u201d, acrescentou o comunicado.<\/p>\n<p>O Arranjo Global sobre Com\u00e9rcio e G\u00eanero foi originalmente assinado em 2020 por Canad\u00e1, Chile e Nova Zel\u00e2ndia. Nos \u00faltimos anos, tamb\u00e9m aderiram ao compromisso Argentina, Col\u00f4mbia, Costa Rica, Equador, M\u00e9xico e Peru. O governo chileno convidou o Brasil a aderir ao compromisso como parte da implementa\u00e7\u00e3o do Acordo de Livre-Com\u00e9rcio Brasil\u2013Chile, em vigor desde 2022.<\/p>\n<p>Segundo o Mdic e o Itamaraty, o tema \u201cMulheres no Com\u00e9rcio Internacional\u201d representa uma das prioridades da presid\u00eancia brasileira do G20. A redu\u00e7\u00e3o da desigualdade de g\u00eanero no com\u00e9rcio exterior est\u00e1 sendo discutida no Grupo de Trabalho sobre Com\u00e9rcio e Investimentos das 20 maiores economias do planeta.<\/p>\n<p>Fonte: Ag\u00eancia Brasil<\/p>\n","protected":false},"excerpt":{"rendered":"<p>O Brasil assinou nesta segunda-feira (26) um compromisso para elevar a participa\u00e7\u00e3o das mulheres no setor exportador. O pa\u00eds tornou-se o d\u00e9cimo a aderir ao Arranjo Global sobre Com\u00e9rcio e G\u00eanero. O ministro das Rela\u00e7\u00f5es Exteriores, Mauro Vieira, assinou o documento em Abu Dhabi, em evento paralelo \u00e0 13\u00aa Confer\u00eancia Ministerial da Organiza\u00e7\u00e3o Mundial do [&hellip;]<\/p>\n","protected":false},"author":246,"featured_media":221342,"comment_status":"closed","ping_status":"closed","sticky":false,"template":"","format":"standard","meta":{"footnotes":""},"categories":[436,440,261,439],"tags":[],"class_list":["post-221341","post","type-post","status-publish","format-standard","has-post-thumbnail","hentry","category-destaque-da-semana","category-destaques-do-dia","category-economia","category-ultima-hora"],"_links":{"self":[{"href":"https:\/\/diarioregionaldigital.com.br\/index.php?rest_route=\/wp\/v2\/posts\/221341","targetHints":{"allow":["GET"]}}],"collection":[{"href":"https:\/\/diarioregionaldigital.com.br\/index.php?rest_route=\/wp\/v2\/posts"}],"about":[{"href":"https:\/\/diarioregionaldigital.com.br\/index.php?rest_route=\/wp\/v2\/types\/post"}],"author":[{"embeddable":true,"href":"https:\/\/diarioregionaldigital.com.br\/index.php?rest_route=\/wp\/v2\/users\/246"}],"replies":[{"embeddable":true,"href":"https:\/\/diarioregionaldigital.com.br\/index.php?rest_route=%2Fwp%2Fv2%2Fcomments&post=221341"}],"version-history":[{"count":1,"href":"https:\/\/diarioregionaldigital.com.br\/index.php?rest_route=\/wp\/v2\/posts\/221341\/revisions"}],"predecessor-version":[{"id":221343,"href":"https:\/\/diarioregionaldigital.com.br\/index.php?rest_route=\/wp\/v2\/posts\/221341\/revisions\/221343"}],"wp:featuredmedia":[{"embeddable":true,"href":"https:\/\/diarioregionaldigital.com.br\/index.php?rest_route=\/wp\/v2\/media\/221342"}],"wp:attachment":[{"href":"https:\/\/diarioregionaldigital.com.br\/index.php?rest_route=%2Fwp%2Fv2%2Fmedia&parent=221341"}],"wp:term":[{"taxonomy":"category","embeddable":true,"href":"https:\/\/diarioregionaldigital.com.br\/index.php?rest_route=%2Fwp%2Fv2%2Fcategories&post=221341"},{"taxonomy":"post_tag","embeddable":true,"href":"https:\/\/diarioregionaldigital.com.br\/index.php?rest_route=%2Fwp%2Fv2%2Ftags&post=221341"}],"curies":[{"name":"wp","href":"https:\/\/api.w.org\/{rel}","templated":true}]}}