{"id":221327,"date":"2024-02-26T20:05:29","date_gmt":"2024-02-26T23:05:29","guid":{"rendered":"https:\/\/diarioregionaldigital.com.br\/?p=221327"},"modified":"2024-02-26T20:05:29","modified_gmt":"2024-02-26T23:05:29","slug":"empresas-tem-ate-dia-29-para-enviar-comprovantes-de-rendimentos","status":"publish","type":"post","link":"https:\/\/diarioregionaldigital.com.br\/?p=221327","title":{"rendered":"Empresas t\u00eam at\u00e9 dia 29 para enviar comprovantes de rendimentos"},"content":{"rendered":"<p>Os empregadores t\u00eam at\u00e9 esta quinta-feira (29) para enviar aos seus funcion\u00e1rios os informes de rendimentos referentes a 2023. O prazo tamb\u00e9m vale para bancos e corretoras de valores, que devem disponibilizar o documento referente aos rendimentos de aplica\u00e7\u00f5es financeiras aos seus clientes.<img decoding=\"async\" src=\"https:\/\/agenciabrasil.ebc.com.br\/ebc.png?id=1582837&amp;o=node\" \/><img decoding=\"async\" src=\"https:\/\/agenciabrasil.ebc.com.br\/ebc.gif?id=1582837&amp;o=node\" \/><\/p>\n<p>Os comprovantes s\u00e3o necess\u00e1rios para o preenchimento da declara\u00e7\u00e3o do Imposto de Renda Pessoa F\u00edsica (IRPF) 2024. Este ano, o per\u00edodo de entrega &#8211; sem multa &#8211; vai de 15 de mar\u00e7o a 31 de maio.<\/p>\n<p>A disponibiliza\u00e7\u00e3o dos informes \u00e9 obrigat\u00f3ria e pode ser feita pelos Correios ou de forma digital, por e-mail, internet ou intranet. No caso de servidores p\u00fablicos federais, o informe de rendimentos pode ser obtido pelo\u00a0<a href=\"https:\/\/sougov.sigepe.gov.br\/sougov\/\" target=\"_blank\" rel=\"noopener\">site<\/a>\u00a0ou aplicativo SouGov.br (dispon\u00edvel para\u00a0<a href=\"https:\/\/play.google.com\/store\/apps\/details?id=br.gov.serpro.sougov\" target=\"_blank\" rel=\"noopener\">Google Play<\/a>\u00a0e\u00a0<a href=\"https:\/\/apps.apple.com\/br\/app\/sou-gov-br\/id1548698020\" target=\"_blank\" rel=\"noopener\">App Store<\/a>).<\/p>\n<p>Os comprovantes fornecidos pelos empregadores devem conter os valores recebidos pelos trabalhadores no ano anterior e detalhar os valores descontados para a Previd\u00eancia Social e o Imposto de Renda recolhido na fonte. Contribui\u00e7\u00f5es para previd\u00eancia complementar da empresa e aportes para o plano de sa\u00fade coletivo tamb\u00e9m devem ser informados, caso existam.<\/p>\n<h2>Comprovantes<\/h2>\n<p>Planos de sa\u00fade individuais e fundos de pens\u00e3o tamb\u00e9m s\u00e3o obrigados a fornecer os comprovantes, cujos dados ser\u00e3o usados para o contribuinte deduzir os valores cobrados no Imposto de Renda.<\/p>\n<p>Caso o contribuinte n\u00e3o receba os informes no prazo, deve procurar o setor de recursos humanos da empresa ou o gerente da institui\u00e7\u00e3o financeira. Se o atraso persistir, a Receita Federal pode ser acionada. Em caso de erros ou de diverg\u00eancia de dados, \u00e9 necess\u00e1rio pedir novo documento corrigido.<\/p>\n<p>A Receita orienta os contribuintes a guardar os informes de rendimentos por, no m\u00ednimo, cinco anos, contados a partir de 1\u00ba de janeiro do ano seguinte ao do processamento da declara\u00e7\u00e3o. A regra tamb\u00e9m vale para os demais documentos que servem para comprovar as informa\u00e7\u00f5es prestadas.<\/p>\n<p><a href=\"http:\/\/agenciabrasil.ebc.com.br\/economia\/noticia\/2024-02\/entenda-nova-tabela-progressiva-do-imposto-de-renda\">A declara\u00e7\u00e3o do IRPF<\/a>\u00a0\u00e9 obrigat\u00f3ria para quem recebeu rendimentos tribut\u00e1veis acima de dois sal\u00e1rios m\u00ednimos em 2023.<\/p>\n<p>Fonte: Ag\u00eancia Brasil<\/p>\n","protected":false},"excerpt":{"rendered":"<p>Os empregadores t\u00eam at\u00e9 esta quinta-feira (29) para enviar aos seus funcion\u00e1rios os informes de rendimentos referentes a 2023. O prazo tamb\u00e9m vale para bancos e corretoras de valores, que devem disponibilizar o documento referente aos rendimentos de aplica\u00e7\u00f5es financeiras aos seus clientes. Os comprovantes s\u00e3o necess\u00e1rios para o preenchimento da declara\u00e7\u00e3o do Imposto de [&hellip;]<\/p>\n","protected":false},"author":246,"featured_media":221328,"comment_status":"closed","ping_status":"closed","sticky":false,"template":"","format":"standard","meta":{"footnotes":""},"categories":[436,261,439],"tags":[],"class_list":["post-221327","post","type-post","status-publish","format-standard","has-post-thumbnail","hentry","category-destaque-da-semana","category-economia","category-ultima-hora"],"_links":{"self":[{"href":"https:\/\/diarioregionaldigital.com.br\/index.php?rest_route=\/wp\/v2\/posts\/221327","targetHints":{"allow":["GET"]}}],"collection":[{"href":"https:\/\/diarioregionaldigital.com.br\/index.php?rest_route=\/wp\/v2\/posts"}],"about":[{"href":"https:\/\/diarioregionaldigital.com.br\/index.php?rest_route=\/wp\/v2\/types\/post"}],"author":[{"embeddable":true,"href":"https:\/\/diarioregionaldigital.com.br\/index.php?rest_route=\/wp\/v2\/users\/246"}],"replies":[{"embeddable":true,"href":"https:\/\/diarioregionaldigital.com.br\/index.php?rest_route=%2Fwp%2Fv2%2Fcomments&post=221327"}],"version-history":[{"count":1,"href":"https:\/\/diarioregionaldigital.com.br\/index.php?rest_route=\/wp\/v2\/posts\/221327\/revisions"}],"predecessor-version":[{"id":221329,"href":"https:\/\/diarioregionaldigital.com.br\/index.php?rest_route=\/wp\/v2\/posts\/221327\/revisions\/221329"}],"wp:featuredmedia":[{"embeddable":true,"href":"https:\/\/diarioregionaldigital.com.br\/index.php?rest_route=\/wp\/v2\/media\/221328"}],"wp:attachment":[{"href":"https:\/\/diarioregionaldigital.com.br\/index.php?rest_route=%2Fwp%2Fv2%2Fmedia&parent=221327"}],"wp:term":[{"taxonomy":"category","embeddable":true,"href":"https:\/\/diarioregionaldigital.com.br\/index.php?rest_route=%2Fwp%2Fv2%2Fcategories&post=221327"},{"taxonomy":"post_tag","embeddable":true,"href":"https:\/\/diarioregionaldigital.com.br\/index.php?rest_route=%2Fwp%2Fv2%2Ftags&post=221327"}],"curies":[{"name":"wp","href":"https:\/\/api.w.org\/{rel}","templated":true}]}}