{"id":221308,"date":"2024-02-22T01:18:10","date_gmt":"2024-02-22T04:18:10","guid":{"rendered":"https:\/\/diarioregionaldigital.com.br\/?p=221308"},"modified":"2024-02-22T01:18:37","modified_gmt":"2024-02-22T04:18:37","slug":"extrato-de-contrato-22-02-2024","status":"publish","type":"post","link":"https:\/\/diarioregionaldigital.com.br\/?p=221308","title":{"rendered":"EXTRATO DE CONTRATO &#8211; 22\/02\/2024"},"content":{"rendered":"<p style=\"text-align: center;\">EXTRATO DE CONTRATO<\/p>\n<p style=\"text-align: center;\">Pref. Municipal de Descoberto x MB Produ\u00e7\u00f5es LTDA- Objeto: Contrata\u00e7\u00e3o de show art\u00edstico da dupla Marcos Belutti no dia no parque de exposi\u00e7\u00f5es de Descoberto\/MG na Exposi\u00e7\u00e3o Agropecu\u00e1ria 2024 no dia 07 de setembro de 2024 &#8211; Fundamento: Inexigibilidade n\u00ba 008\/2024 &#8211; Valor Global: R$270.000,00 &#8211; Vig\u00eancia: 08\/09\/2024 &#8211; Dot or\u00e7: 02.016.000.13.392.0015.2078.339039.00- Ass: 21\/02\/2024 &#8211; Foro: S\u00e3o Jo\u00e3o Nepomuceno\/MG.<\/p>\n<p style=\"text-align: center;\">Marcos de Ara\u00fajo Lima<br \/>\nPrefeito Municipal<\/p>\n","protected":false},"excerpt":{"rendered":"<p>EXTRATO DE CONTRATO Pref. Municipal de Descoberto x MB Produ\u00e7\u00f5es LTDA- Objeto: Contrata\u00e7\u00e3o de show art\u00edstico da dupla Marcos Belutti no dia no parque de exposi\u00e7\u00f5es de Descoberto\/MG na Exposi\u00e7\u00e3o Agropecu\u00e1ria 2024 no dia 07 de setembro de 2024 &#8211; Fundamento: Inexigibilidade n\u00ba 008\/2024 &#8211; Valor Global: R$270.000,00 &#8211; Vig\u00eancia: 08\/09\/2024 &#8211; Dot or\u00e7: 02.016.000.13.392.0015.2078.339039.00- [&hellip;]<\/p>\n","protected":false},"author":246,"featured_media":0,"comment_status":"closed","ping_status":"closed","sticky":false,"template":"","format":"standard","meta":{"footnotes":""},"categories":[307],"tags":[],"class_list":["post-221308","post","type-post","status-publish","format-standard","hentry","category-editais"],"_links":{"self":[{"href":"https:\/\/diarioregionaldigital.com.br\/index.php?rest_route=\/wp\/v2\/posts\/221308","targetHints":{"allow":["GET"]}}],"collection":[{"href":"https:\/\/diarioregionaldigital.com.br\/index.php?rest_route=\/wp\/v2\/posts"}],"about":[{"href":"https:\/\/diarioregionaldigital.com.br\/index.php?rest_route=\/wp\/v2\/types\/post"}],"author":[{"embeddable":true,"href":"https:\/\/diarioregionaldigital.com.br\/index.php?rest_route=\/wp\/v2\/users\/246"}],"replies":[{"embeddable":true,"href":"https:\/\/diarioregionaldigital.com.br\/index.php?rest_route=%2Fwp%2Fv2%2Fcomments&post=221308"}],"version-history":[{"count":3,"href":"https:\/\/diarioregionaldigital.com.br\/index.php?rest_route=\/wp\/v2\/posts\/221308\/revisions"}],"predecessor-version":[{"id":221311,"href":"https:\/\/diarioregionaldigital.com.br\/index.php?rest_route=\/wp\/v2\/posts\/221308\/revisions\/221311"}],"wp:attachment":[{"href":"https:\/\/diarioregionaldigital.com.br\/index.php?rest_route=%2Fwp%2Fv2%2Fmedia&parent=221308"}],"wp:term":[{"taxonomy":"category","embeddable":true,"href":"https:\/\/diarioregionaldigital.com.br\/index.php?rest_route=%2Fwp%2Fv2%2Fcategories&post=221308"},{"taxonomy":"post_tag","embeddable":true,"href":"https:\/\/diarioregionaldigital.com.br\/index.php?rest_route=%2Fwp%2Fv2%2Ftags&post=221308"}],"curies":[{"name":"wp","href":"https:\/\/api.w.org\/{rel}","templated":true}]}}