{"id":221304,"date":"2024-02-22T01:12:24","date_gmt":"2024-02-22T04:12:24","guid":{"rendered":"https:\/\/diarioregionaldigital.com.br\/?p=221304"},"modified":"2024-02-22T01:12:24","modified_gmt":"2024-02-22T04:12:24","slug":"nos-no-bairro-promove-atividades-de-lazer-e-servicos-no-teixeiras-neste-sabado-24","status":"publish","type":"post","link":"https:\/\/diarioregionaldigital.com.br\/?p=221304","title":{"rendered":"\u201cN\u00f3s no Bairro\u201d promove atividades de lazer e servi\u00e7os no Teixeiras neste s\u00e1bado, 24"},"content":{"rendered":"<p>Segundo informa\u00e7\u00f5es do site da Prefeitura de Juiz de Fora (PJF), neste s\u00e1bado, 24, a Prefeitura de Juiz de Fora (PJF), em parceria com a TV Integra\u00e7\u00e3o, promove a 5\u00aa edi\u00e7\u00e3o do \u201cN\u00f3s no Bairro\u201d, desta vez no bairro Teixeiras. O evento, que ser\u00e1 o primeiro de 2024, ocorrer\u00e1 das 9h \u00e0s 13h no campo do Polivalente, localizado na Rua Professora No\u00eamia Mendon\u00e7a, n\u00b0 1.<\/p>\n<p>&nbsp;<\/p>\n<p>Para as crian\u00e7as, a PJF promover\u00e1 diversas atividades e brincadeiras, como brinquedos infl\u00e1veis (tobog\u00e3 pequeno e jacar\u00e9 pula pula); jogos de mesa (tot\u00f3, sinuca, ping-pong); parquinho infantil; triciclos; cama el\u00e1stica; slackline; jogos com bolas; recrea\u00e7\u00e3o; a\u00e7\u00f5es de educa\u00e7\u00e3o no tr\u00e2nsito, com atividades de colorir e brincadeiras educativas.<\/p>\n<p>&nbsp;<\/p>\n<p>Para a popula\u00e7\u00e3o, a equipe da UBS do bairro Teixeiras estar\u00e1 no local realizando aferi\u00e7\u00e3o de press\u00e3o arterial e medi\u00e7\u00e3o de glicemia. A Escola para Barbeiros &amp; Cia tamb\u00e9m estar\u00e1 presente, oferecendo corte de cabelo curto, barbear e sobrancelha na navalha.<\/p>\n<p>&nbsp;<\/p>\n<p>A Casa da Mulher Itinerante tamb\u00e9m estar\u00e1 no evento, com o varal solid\u00e1rio, onde ser\u00e3o feitas doa\u00e7\u00f5es de roupas, atendimento para as mulheres, oferecendo orienta\u00e7\u00f5es sobre viol\u00eancia dom\u00e9stica, haver\u00e1 uma din\u00e2mica com bal\u00f5es e atividades com desenhos para as crian\u00e7as.<\/p>\n<p>&nbsp;<\/p>\n<p>A Empresa Municipal de Pavimenta\u00e7\u00e3o e Urbanidades (Empav) disponibilizar\u00e1 300 mudas para doa\u00e7\u00e3o aos presentes. As mudas distribu\u00eddas ser\u00e3o das esp\u00e9cies: manjeric\u00e3o, alecrim, periquito vermelho, pilea, azulzinha e brilhantina.<\/p>\n<p>&nbsp;<\/p>\n<p>Dentre a programa\u00e7\u00e3o cultural, o grupo Aimber\u00ea far\u00e1 apresenta\u00e7\u00f5es de capoeira e dan\u00e7a afromix. Em parceria com a TV Integra\u00e7\u00e3o haver\u00e1 shows com Victor Delduca e o Grupo ViroMania.<\/p>\n<p>&nbsp;<\/p>\n<p>Esta edi\u00e7\u00e3o do \u201cN\u00f3s no Bairro\u201d \u00e9 apoiada pelas seguintes pastas da PJF: Secretaria de Governo (SG); Secretaria de Comunica\u00e7\u00e3o Social (Secom); Secretaria de Esporte e Lazer (SEL); Secretaria Especial de Direitos Humanos (SEDH); Secretaria de Mobilidade Urbana (SMU); Secretaria de Sa\u00fade (SS); Empresa Municipal de Pavimenta\u00e7\u00e3o e Urbanidades (Empav) e Juiz de Fora Previd\u00eancia (JF Prev).<\/p>\n<p>&nbsp;<\/p>\n","protected":false},"excerpt":{"rendered":"<p>Segundo informa\u00e7\u00f5es do site da Prefeitura de Juiz de Fora (PJF), neste s\u00e1bado, 24, a Prefeitura de Juiz de Fora (PJF), em parceria com a TV Integra\u00e7\u00e3o, promove a 5\u00aa edi\u00e7\u00e3o do \u201cN\u00f3s no Bairro\u201d, desta vez no bairro Teixeiras. O evento, que ser\u00e1 o primeiro de 2024, ocorrer\u00e1 das 9h \u00e0s 13h no campo [&hellip;]<\/p>\n","protected":false},"author":246,"featured_media":221305,"comment_status":"closed","ping_status":"closed","sticky":false,"template":"","format":"standard","meta":{"footnotes":""},"categories":[253,436,439],"tags":[],"class_list":["post-221304","post","type-post","status-publish","format-standard","has-post-thumbnail","hentry","category-cidade","category-destaque-da-semana","category-ultima-hora"],"_links":{"self":[{"href":"https:\/\/diarioregionaldigital.com.br\/index.php?rest_route=\/wp\/v2\/posts\/221304","targetHints":{"allow":["GET"]}}],"collection":[{"href":"https:\/\/diarioregionaldigital.com.br\/index.php?rest_route=\/wp\/v2\/posts"}],"about":[{"href":"https:\/\/diarioregionaldigital.com.br\/index.php?rest_route=\/wp\/v2\/types\/post"}],"author":[{"embeddable":true,"href":"https:\/\/diarioregionaldigital.com.br\/index.php?rest_route=\/wp\/v2\/users\/246"}],"replies":[{"embeddable":true,"href":"https:\/\/diarioregionaldigital.com.br\/index.php?rest_route=%2Fwp%2Fv2%2Fcomments&post=221304"}],"version-history":[{"count":1,"href":"https:\/\/diarioregionaldigital.com.br\/index.php?rest_route=\/wp\/v2\/posts\/221304\/revisions"}],"predecessor-version":[{"id":221306,"href":"https:\/\/diarioregionaldigital.com.br\/index.php?rest_route=\/wp\/v2\/posts\/221304\/revisions\/221306"}],"wp:featuredmedia":[{"embeddable":true,"href":"https:\/\/diarioregionaldigital.com.br\/index.php?rest_route=\/wp\/v2\/media\/221305"}],"wp:attachment":[{"href":"https:\/\/diarioregionaldigital.com.br\/index.php?rest_route=%2Fwp%2Fv2%2Fmedia&parent=221304"}],"wp:term":[{"taxonomy":"category","embeddable":true,"href":"https:\/\/diarioregionaldigital.com.br\/index.php?rest_route=%2Fwp%2Fv2%2Fcategories&post=221304"},{"taxonomy":"post_tag","embeddable":true,"href":"https:\/\/diarioregionaldigital.com.br\/index.php?rest_route=%2Fwp%2Fv2%2Ftags&post=221304"}],"curies":[{"name":"wp","href":"https:\/\/api.w.org\/{rel}","templated":true}]}}