{"id":221287,"date":"2024-02-23T00:52:44","date_gmt":"2024-02-23T03:52:44","guid":{"rendered":"https:\/\/diarioregionaldigital.com.br\/?p=221287"},"modified":"2024-02-22T01:02:33","modified_gmt":"2024-02-22T04:02:33","slug":"governo-de-minas-autoriza-a-realizacao-de-concurso-publico-para-321-vagas-para-professor-na-unimontes","status":"publish","type":"post","link":"https:\/\/diarioregionaldigital.com.br\/?p=221287","title":{"rendered":"Governo de Minas autoriza a realiza\u00e7\u00e3o de concurso p\u00fablico para 321 vagas para professor na Unimontes"},"content":{"rendered":"<p>O\u00a0<a href=\"https:\/\/www.mg.gov.br\/\" target=\"_blank\" rel=\"noopener\">Governo de Minas<\/a>\u00a0autorizou a\u00a0<a href=\"https:\/\/unimontes.br\/\" target=\"_blank\" rel=\"noopener\">Universidade Estadual de Montes Claros (Unimontes)<\/a>\u00a0a realizar um novo concurso p\u00fablico para a contrata\u00e7\u00e3o de 321 professores de n\u00edvel superior em diversas \u00e1reas do conhecimento.<\/p>\n<p>\u201cEste governo preza pela educa\u00e7\u00e3o, a popula\u00e7\u00e3o mineira e a comunidade acad\u00eamica ser\u00e3o beneficiadas com a abertura das novas vagas em v\u00e1rias \u00e1reas\u201d, afirma o secret\u00e1rio de\u00a0<a href=\"https:\/\/www.governo.mg.gov.br\/\" target=\"_blank\" rel=\"noopener\">Estado de Governo (Segov)<\/a>, Gustavo Valadares.<\/p>\n<p>A realiza\u00e7\u00e3o do concurso p\u00fablico para professor da Unimontes foi autorizada pela\u00a0<a href=\"http:\/\/www.mg.gov.br\/planejamento\" target=\"_blank\" rel=\"noopener\">Secretaria de Estado de Planejamento e Gest\u00e3o (Seplag-MG)<\/a>, por meio do Comit\u00ea de Or\u00e7amento e Finan\u00e7as (Cofin), em atendimento \u00e0 demanda apresentada pela universidade.\u00a0&#8220;Com esse concurso, mantemos o nosso compromisso de sempre atuar para melhorar a presta\u00e7\u00e3o de servi\u00e7os para os cidad\u00e3os, tanto na educa\u00e7\u00e3o quanto nas demais \u00e1reas, sempre ouvindo os servidores e seus representantes e valorizando o servi\u00e7o p\u00fablico&#8221;, complementa a secret\u00e1ria de Planejamento e Gest\u00e3o de Minas Gerais, Lu\u00edsa Barreto.<\/p>\n<p><strong>Impacto acad\u00eamico<\/strong><\/p>\n<p>O \u00faltimo concurso para professor de n\u00edvel superior da Unimontes havia sido autorizado em 2014, homologado em 2015, com o processo seletivo sendo conclu\u00eddo em 2019, com o preenchimento de 468 vagas.<\/p>\n<p>O reitor da Unimontes.\u00a0professor Wagner de Paulo Santiago, comemorou o an\u00fancio, feito em audi\u00eancia na Cidade Administrativa de Minas Gerais, na \u00faltima\u00a0quinta-feira (15\/2).\u201c\u00c9 um feito hist\u00f3rico para a nossa universidade, beneficiando enormemente a comunidade acad\u00eamica e a popula\u00e7\u00e3o da \u00e1rea de abrang\u00eancia da institui\u00e7\u00e3o. Com a realiza\u00e7\u00e3o do novo concurso p\u00fablico, poderemos atender as demandas de todos os nossos departamentos e cursos, melhorando\u00a0de forma significativa\u00a0as atividades de ensino, pesquisa e extens\u00e3o\u201d, afirmou.<\/p>\n<p>Ele ressalta que, a partir de agora, ser\u00e3o adotadas as medidas para elabora\u00e7\u00e3o dos editais do concurso pela Diretoria de Desenvolvimento de Recursos Humanos (DDRH) e pela Comiss\u00e3o Especial Permanente, respons\u00e1vel pelas atividades relativas aos concursos p\u00fablicos, com ampla participa\u00e7\u00e3o da comunidade acad\u00eamica, por meio dos departamentos.<\/p>\n<p>A perspectiva \u00e9 que os editais sejam divulgados ainda no primeiro semestre de 2024, seguindo as demandas dos departamentos da universidade.<\/p>\n<p>Para o vice-reitor da institui\u00e7\u00e3o e presidente da Comiss\u00e3o Especial Permanente, professor Dalton Caldeira Rocha, o concurso p\u00fablico visa a garantia de direitos ao professor, possibilitando a tranquilidade para que ele possa ministrar as aulas de maneira mais confort\u00e1vel. \u201cTamb\u00e9m vai permitir que o professor possa investir na melhoria de sua carreira acad\u00eamica, por meio de cursos de mestrado e doutorado e do desenvolvimento de pesquisas, e tudo isso \u00e9 revertido em benef\u00edcio dos alunos e da sociedade em geral\u201d, avalia.<\/p>\n<p>Fonte: Ag\u00eancia Minas<\/p>\n","protected":false},"excerpt":{"rendered":"<p>O\u00a0Governo de Minas\u00a0autorizou a\u00a0Universidade Estadual de Montes Claros (Unimontes)\u00a0a realizar um novo concurso p\u00fablico para a contrata\u00e7\u00e3o de 321 professores de n\u00edvel superior em diversas \u00e1reas do conhecimento. \u201cEste governo preza pela educa\u00e7\u00e3o, a popula\u00e7\u00e3o mineira e a comunidade acad\u00eamica ser\u00e3o beneficiadas com a abertura das novas vagas em v\u00e1rias \u00e1reas\u201d, afirma o secret\u00e1rio de\u00a0Estado [&hellip;]<\/p>\n","protected":false},"author":246,"featured_media":221288,"comment_status":"closed","ping_status":"closed","sticky":false,"template":"","format":"standard","meta":{"footnotes":""},"categories":[436,440,254,439],"tags":[],"class_list":["post-221287","post","type-post","status-publish","format-standard","has-post-thumbnail","hentry","category-destaque-da-semana","category-destaques-do-dia","category-politica","category-ultima-hora"],"_links":{"self":[{"href":"https:\/\/diarioregionaldigital.com.br\/index.php?rest_route=\/wp\/v2\/posts\/221287","targetHints":{"allow":["GET"]}}],"collection":[{"href":"https:\/\/diarioregionaldigital.com.br\/index.php?rest_route=\/wp\/v2\/posts"}],"about":[{"href":"https:\/\/diarioregionaldigital.com.br\/index.php?rest_route=\/wp\/v2\/types\/post"}],"author":[{"embeddable":true,"href":"https:\/\/diarioregionaldigital.com.br\/index.php?rest_route=\/wp\/v2\/users\/246"}],"replies":[{"embeddable":true,"href":"https:\/\/diarioregionaldigital.com.br\/index.php?rest_route=%2Fwp%2Fv2%2Fcomments&post=221287"}],"version-history":[{"count":1,"href":"https:\/\/diarioregionaldigital.com.br\/index.php?rest_route=\/wp\/v2\/posts\/221287\/revisions"}],"predecessor-version":[{"id":221289,"href":"https:\/\/diarioregionaldigital.com.br\/index.php?rest_route=\/wp\/v2\/posts\/221287\/revisions\/221289"}],"wp:featuredmedia":[{"embeddable":true,"href":"https:\/\/diarioregionaldigital.com.br\/index.php?rest_route=\/wp\/v2\/media\/221288"}],"wp:attachment":[{"href":"https:\/\/diarioregionaldigital.com.br\/index.php?rest_route=%2Fwp%2Fv2%2Fmedia&parent=221287"}],"wp:term":[{"taxonomy":"category","embeddable":true,"href":"https:\/\/diarioregionaldigital.com.br\/index.php?rest_route=%2Fwp%2Fv2%2Fcategories&post=221287"},{"taxonomy":"post_tag","embeddable":true,"href":"https:\/\/diarioregionaldigital.com.br\/index.php?rest_route=%2Fwp%2Fv2%2Ftags&post=221287"}],"curies":[{"name":"wp","href":"https:\/\/api.w.org\/{rel}","templated":true}]}}