{"id":221281,"date":"2024-02-22T00:49:59","date_gmt":"2024-02-22T03:49:59","guid":{"rendered":"https:\/\/diarioregionaldigital.com.br\/?p=221281"},"modified":"2024-02-22T00:49:59","modified_gmt":"2024-02-22T03:49:59","slug":"em-reuniao-com-o-governo-de-minas-energisa-apresenta-plano-de-investimentos-para-76-municipios-mineiros","status":"publish","type":"post","link":"https:\/\/diarioregionaldigital.com.br\/?p=221281","title":{"rendered":"Em reuni\u00e3o com o Governo de Minas, Energisa apresenta plano de investimentos para 76 munic\u00edpios mineiros"},"content":{"rendered":"<p><main class=\"clear margin-md-bottom-3\"><\/p>\n<div class=\"clear \">\n<p>O governador Romeu Zema recebeu, nesta quarta-feira (21\/1), na Cidade Administrativa,\u00a0os presidentes da Energisa Minas Rio, Eduardo Alves Mantovani, e Energisa Sul-Sudeste, Jos\u00e9 Adriano Mendes Silva. No encontro, tamb\u00e9m com participa\u00e7\u00e3o do secret\u00e1rio de Estado de\u00a0<a href=\"http:\/\/www.desenvolvimento.mg.gov.br\/\" target=\"_blank\" rel=\"noopener\">Desenvolvimento Econ\u00f4mico (Sede)<\/a>, Fernando Passalio,\u00a0as duas distribuidoras apresentaram o plano de investimentos para 2024 para os 76 munic\u00edpios que compreendem a \u00e1rea de concess\u00e3o do grupo em Minas Gerais.<\/p>\n<p>Ser\u00e3o cerca de R$ 294 milh\u00f5es destinados \u00e0 moderniza\u00e7\u00e3o, expans\u00e3o e automa\u00e7\u00e3o do sistema el\u00e9trico; reformas e melhorias; aumento de cargas e novas liga\u00e7\u00f5es; e projetos de desenvolvimento, sustentabilidade e efici\u00eancia energ\u00e9tica.<\/p>\n<p><strong>Principais obras no estado<\/strong><\/p>\n<p>Para este ano, o plano de investimentos da Energisa Sul-Sudeste inclui importantes obras na regi\u00e3o sul de Minas Gerais, onde se concentram grandes empresas que elevam a regi\u00e3o ao segundo maior polo industrial do Estado. O cronograma engloba substitui\u00e7\u00f5es de equipamentos no munic\u00edpio de Toledo; melhorias no sistema de abastecimento de grandes empresas no munic\u00edpio de Extrema; e tamb\u00e9m a constru\u00e7\u00e3o de duas novas subesta\u00e7\u00f5es nas cidades de Itapeva e Senador Amaral, com conclus\u00e3o prevista para\u00a02025.<\/p>\n<p>Entre as obras que ir\u00e3o contribuir para a melhoria e a amplia\u00e7\u00e3o do fornecimento de energia na \u00e1rea da Energisa Minas Rio, destacam-se: o conjunto de obras para conex\u00e3o da Rede B\u00e1sica \u00e0 Subesta\u00e7\u00e3o Leopoldina II, com inaugura\u00e7\u00e3o prevista para setembro deste ano; a subesta\u00e7\u00e3o de Cana\u00e3, que deve ser energizada em novembro; e a elabora\u00e7\u00e3o do projeto executivo da Subesta\u00e7\u00e3o Muria\u00e9 III, que ser\u00e1 constru\u00edda em 2025.<\/p>\n<p>Fonte: Ag\u00eancia Minas<\/p>\n<\/div>\n<p><\/main><\/p>\n","protected":false},"excerpt":{"rendered":"<p>O governador Romeu Zema recebeu, nesta quarta-feira (21\/1), na Cidade Administrativa,\u00a0os presidentes da Energisa Minas Rio, Eduardo Alves Mantovani, e Energisa Sul-Sudeste, Jos\u00e9 Adriano Mendes Silva. No encontro, tamb\u00e9m com participa\u00e7\u00e3o do secret\u00e1rio de Estado de\u00a0Desenvolvimento Econ\u00f4mico (Sede), Fernando Passalio,\u00a0as duas distribuidoras apresentaram o plano de investimentos para 2024 para os 76 munic\u00edpios que compreendem [&hellip;]<\/p>\n","protected":false},"author":246,"featured_media":221282,"comment_status":"closed","ping_status":"closed","sticky":false,"template":"","format":"standard","meta":{"footnotes":""},"categories":[436,440,254,439],"tags":[],"class_list":["post-221281","post","type-post","status-publish","format-standard","has-post-thumbnail","hentry","category-destaque-da-semana","category-destaques-do-dia","category-politica","category-ultima-hora"],"_links":{"self":[{"href":"https:\/\/diarioregionaldigital.com.br\/index.php?rest_route=\/wp\/v2\/posts\/221281","targetHints":{"allow":["GET"]}}],"collection":[{"href":"https:\/\/diarioregionaldigital.com.br\/index.php?rest_route=\/wp\/v2\/posts"}],"about":[{"href":"https:\/\/diarioregionaldigital.com.br\/index.php?rest_route=\/wp\/v2\/types\/post"}],"author":[{"embeddable":true,"href":"https:\/\/diarioregionaldigital.com.br\/index.php?rest_route=\/wp\/v2\/users\/246"}],"replies":[{"embeddable":true,"href":"https:\/\/diarioregionaldigital.com.br\/index.php?rest_route=%2Fwp%2Fv2%2Fcomments&post=221281"}],"version-history":[{"count":1,"href":"https:\/\/diarioregionaldigital.com.br\/index.php?rest_route=\/wp\/v2\/posts\/221281\/revisions"}],"predecessor-version":[{"id":221283,"href":"https:\/\/diarioregionaldigital.com.br\/index.php?rest_route=\/wp\/v2\/posts\/221281\/revisions\/221283"}],"wp:featuredmedia":[{"embeddable":true,"href":"https:\/\/diarioregionaldigital.com.br\/index.php?rest_route=\/wp\/v2\/media\/221282"}],"wp:attachment":[{"href":"https:\/\/diarioregionaldigital.com.br\/index.php?rest_route=%2Fwp%2Fv2%2Fmedia&parent=221281"}],"wp:term":[{"taxonomy":"category","embeddable":true,"href":"https:\/\/diarioregionaldigital.com.br\/index.php?rest_route=%2Fwp%2Fv2%2Fcategories&post=221281"},{"taxonomy":"post_tag","embeddable":true,"href":"https:\/\/diarioregionaldigital.com.br\/index.php?rest_route=%2Fwp%2Fv2%2Ftags&post=221281"}],"curies":[{"name":"wp","href":"https:\/\/api.w.org\/{rel}","templated":true}]}}