{"id":221256,"date":"2024-02-20T20:10:24","date_gmt":"2024-02-20T23:10:24","guid":{"rendered":"https:\/\/diarioregionaldigital.com.br\/?p=221256"},"modified":"2024-02-20T20:10:24","modified_gmt":"2024-02-20T23:10:24","slug":"cesama-inicia-remodelacao-de-rede-de-esgoto-em-rua-do-bairro-teixeiras","status":"publish","type":"post","link":"https:\/\/diarioregionaldigital.com.br\/?p=221256","title":{"rendered":"Cesama inicia remodela\u00e7\u00e3o de rede de esgoto em rua do bairro Teixeiras"},"content":{"rendered":"<p>Segundo informa\u00e7\u00f5es do site da Prefeitura de Juiz de Fora (PJF), a\u00a0Companhia de Saneamento Municipal (Cesama) da Prefeitura de Juiz de Fora (PJF) inicia nesta segunda-feira, 19, a remodela\u00e7\u00e3o da rede de esgoto da Rua Porf\u00edrio Barbosa de Albuquerque, no bairro Teixeiras. Os trabalhos acontece diariamente, no hor\u00e1rio de 7h30 \u00e0s 17h, com previs\u00e3o de finaliza\u00e7\u00e3o em meados de mar\u00e7o.<\/p>\n<p>Conforme explica o engenheiro da companhia, Roberto Bruce, a demanda pela remodela\u00e7\u00e3o, em uma extens\u00e3o prevista de cerca de 250 metros, \u00e9 resultado de uma vistoria t\u00e9cnica realizada pela Cesama em virtude do alto n\u00famero de ordens de servi\u00e7o para essa localidade, incluindo entupimento e vazamento de esgoto.<\/p>\n<p>Atenta a isso, a companhia realizou uma minuciosa an\u00e1lise, e verificou se tratar de uma rede antiga, de \u201cmanilha de barro vitrificado, di\u00e2metros de 150 e 200 mil\u00edmetros e profundidade entre 0,75 a 1,70 metros\u201d. A nova tubula\u00e7\u00e3o, conta Bruce, ser\u00e1 de PVC Ocre, considerado um material mais moderno e seguro.<\/p>\n<p>Para a realiza\u00e7\u00e3o dos trabalhos, ser\u00e1 necess\u00e1ria a interdi\u00e7\u00e3o total da Rua Porf\u00edrio Barbosa de Albuquerque. Em virtude disso, a Secretaria de Mobilidade Urbana (SMU) recomenda que motoristas utilizem rotas alternativas, desviando por outros trechos do bairro.<\/p>\n","protected":false},"excerpt":{"rendered":"<p>Segundo informa\u00e7\u00f5es do site da Prefeitura de Juiz de Fora (PJF), a\u00a0Companhia de Saneamento Municipal (Cesama) da Prefeitura de Juiz de Fora (PJF) inicia nesta segunda-feira, 19, a remodela\u00e7\u00e3o da rede de esgoto da Rua Porf\u00edrio Barbosa de Albuquerque, no bairro Teixeiras. Os trabalhos acontece diariamente, no hor\u00e1rio de 7h30 \u00e0s 17h, com previs\u00e3o de [&hellip;]<\/p>\n","protected":false},"author":246,"featured_media":221257,"comment_status":"closed","ping_status":"closed","sticky":false,"template":"","format":"standard","meta":{"footnotes":""},"categories":[253,436,439],"tags":[],"class_list":["post-221256","post","type-post","status-publish","format-standard","has-post-thumbnail","hentry","category-cidade","category-destaque-da-semana","category-ultima-hora"],"_links":{"self":[{"href":"https:\/\/diarioregionaldigital.com.br\/index.php?rest_route=\/wp\/v2\/posts\/221256","targetHints":{"allow":["GET"]}}],"collection":[{"href":"https:\/\/diarioregionaldigital.com.br\/index.php?rest_route=\/wp\/v2\/posts"}],"about":[{"href":"https:\/\/diarioregionaldigital.com.br\/index.php?rest_route=\/wp\/v2\/types\/post"}],"author":[{"embeddable":true,"href":"https:\/\/diarioregionaldigital.com.br\/index.php?rest_route=\/wp\/v2\/users\/246"}],"replies":[{"embeddable":true,"href":"https:\/\/diarioregionaldigital.com.br\/index.php?rest_route=%2Fwp%2Fv2%2Fcomments&post=221256"}],"version-history":[{"count":1,"href":"https:\/\/diarioregionaldigital.com.br\/index.php?rest_route=\/wp\/v2\/posts\/221256\/revisions"}],"predecessor-version":[{"id":221258,"href":"https:\/\/diarioregionaldigital.com.br\/index.php?rest_route=\/wp\/v2\/posts\/221256\/revisions\/221258"}],"wp:featuredmedia":[{"embeddable":true,"href":"https:\/\/diarioregionaldigital.com.br\/index.php?rest_route=\/wp\/v2\/media\/221257"}],"wp:attachment":[{"href":"https:\/\/diarioregionaldigital.com.br\/index.php?rest_route=%2Fwp%2Fv2%2Fmedia&parent=221256"}],"wp:term":[{"taxonomy":"category","embeddable":true,"href":"https:\/\/diarioregionaldigital.com.br\/index.php?rest_route=%2Fwp%2Fv2%2Fcategories&post=221256"},{"taxonomy":"post_tag","embeddable":true,"href":"https:\/\/diarioregionaldigital.com.br\/index.php?rest_route=%2Fwp%2Fv2%2Ftags&post=221256"}],"curies":[{"name":"wp","href":"https:\/\/api.w.org\/{rel}","templated":true}]}}