{"id":221253,"date":"2024-02-20T20:09:15","date_gmt":"2024-02-20T23:09:15","guid":{"rendered":"https:\/\/diarioregionaldigital.com.br\/?p=221253"},"modified":"2024-02-20T20:09:15","modified_gmt":"2024-02-20T23:09:15","slug":"inscricoes-gratuitas-para-o-sarancine-2024-vao-ate-dia-10-de-marco","status":"publish","type":"post","link":"https:\/\/diarioregionaldigital.com.br\/?p=221253","title":{"rendered":"Inscri\u00e7\u00f5es gratuitas para o Sarancine 2024 v\u00e3o at\u00e9 dia 10 de mar\u00e7o"},"content":{"rendered":"<p>Segundo informa\u00e7\u00f5es do site da Prefeitura de Juiz de Fora (PJF),\u00a0 est\u00e1 dispon\u00edvel o cadastro de projetos audiovisuais relacionados \u00e0 preserva\u00e7\u00e3o ambiental para o Sarancine 2024 \u2013 Festival de Cinema Ambiental e Gastronomia. At\u00e9 dia 10 de mar\u00e7o, produtores e cineastas podem realizar suas inscri\u00e7\u00f5es gratuitas e exclusivamente por meio deste <a href=\"https:\/\/filmfreeway.com\/sarancine\"><strong>link<\/strong><\/a>, onde tamb\u00e9m podem ter acesso ao regulamento completo do edital.<\/p>\n<p>Em sua quarta edi\u00e7\u00e3o, o Sarancine 2024 se expande para al\u00e9m da Zona da Mata Mineira, incluindo tamb\u00e9m a cidade de Belo Horizonte (MG), sob o nome Natureba-BH. O evento est\u00e1 programado para ocorrer entre os dias 7 e 9 de junho de 2024, durante a Semana do Meio Ambiente, no distrito de Sarandira, em Juiz de Fora.<\/p>\n<p>Uma novidade para este ano \u00e9 a inclus\u00e3o do Centro de Juiz de Fora como um dos locais de exibi\u00e7\u00e3o, visando proporcionar maior acessibilidade ao p\u00fablico. Os filmes selecionados para o Sarancine 2024 ter\u00e3o a oportunidade de serem exibidos n\u00e3o apenas em Juiz de Fora, mas tamb\u00e9m na capital mineira, Belo Horizonte, em uma data a ser anunciada.<\/p>\n<p>O Sarancine 2024 mant\u00e9m seu foco central nos temas de educa\u00e7\u00e3o ambiental, sustentabilidade, gastronomia socioambiental e est\u00edmulo \u00e0 preserva\u00e7\u00e3o do meio ambiente. Atrav\u00e9s de filmes e debates, o festival busca promover solu\u00e7\u00f5es para a melhoria da qualidade de vida em distritos, cidades e pa\u00edses, incentivando comunidades ambientalmente atuantes, sustent\u00e1veis e atraentes.<\/p>\n<p>Valorizando a produ\u00e7\u00e3o cinematogr\u00e1fica ambiental brasileira, o Sarancine 2024 premiar\u00e1 todos os filmes selecionados com cach\u00eas simb\u00f3licos, sendo R$ 1.000 para longas-metragens, R$ 600 para m\u00e9dias-metragens e R$ 400 para curtas. A sele\u00e7\u00e3o oficial ser\u00e1 anunciada em 10 de abril de 2024.<\/p>\n<p>Sob a coordena\u00e7\u00e3o do cineasta Carlos Canela, os vencedores ser\u00e3o escolhidos por uma equipe de curadoria, contemplando categorias como melhor filme pelo J\u00fari Oficial e melhor filme pelo J\u00fari Popular. Os vencedores de cada categoria receber\u00e3o certificados digitais de premia\u00e7\u00e3o e trof\u00e9us, celebrando suas contribui\u00e7\u00f5es para o cinema ambiental.<\/p>\n<p>Outras premia\u00e7\u00f5es poder\u00e3o ser anunciadas pela comiss\u00e3o organizadora, decorrentes de parcerias ou patroc\u00ednios durante a pr\u00e9-produ\u00e7\u00e3o. Mantenha-se atualizado atrav\u00e9s do site oficial e das redes sociais do festival para obter mais informa\u00e7\u00f5es sobre o Sarancine 2024.<\/p>\n<p>Para mais informa\u00e7\u00f5es sobre o Sarancine 2024, acesse as redes sociais e o\u00a0<a href=\"https:\/\/filmfreeway.com\/sarancine\"><strong>site do festival<\/strong><\/a>.<\/p>\n<div id=\"box_compartilhar\" align=\"right\"><\/div>\n","protected":false},"excerpt":{"rendered":"<p>Segundo informa\u00e7\u00f5es do site da Prefeitura de Juiz de Fora (PJF),\u00a0 est\u00e1 dispon\u00edvel o cadastro de projetos audiovisuais relacionados \u00e0 preserva\u00e7\u00e3o ambiental para o Sarancine 2024 \u2013 Festival de Cinema Ambiental e Gastronomia. At\u00e9 dia 10 de mar\u00e7o, produtores e cineastas podem realizar suas inscri\u00e7\u00f5es gratuitas e exclusivamente por meio deste link, onde tamb\u00e9m podem [&hellip;]<\/p>\n","protected":false},"author":246,"featured_media":221254,"comment_status":"closed","ping_status":"closed","sticky":false,"template":"","format":"standard","meta":{"footnotes":""},"categories":[253,436,439],"tags":[],"class_list":["post-221253","post","type-post","status-publish","format-standard","has-post-thumbnail","hentry","category-cidade","category-destaque-da-semana","category-ultima-hora"],"_links":{"self":[{"href":"https:\/\/diarioregionaldigital.com.br\/index.php?rest_route=\/wp\/v2\/posts\/221253","targetHints":{"allow":["GET"]}}],"collection":[{"href":"https:\/\/diarioregionaldigital.com.br\/index.php?rest_route=\/wp\/v2\/posts"}],"about":[{"href":"https:\/\/diarioregionaldigital.com.br\/index.php?rest_route=\/wp\/v2\/types\/post"}],"author":[{"embeddable":true,"href":"https:\/\/diarioregionaldigital.com.br\/index.php?rest_route=\/wp\/v2\/users\/246"}],"replies":[{"embeddable":true,"href":"https:\/\/diarioregionaldigital.com.br\/index.php?rest_route=%2Fwp%2Fv2%2Fcomments&post=221253"}],"version-history":[{"count":1,"href":"https:\/\/diarioregionaldigital.com.br\/index.php?rest_route=\/wp\/v2\/posts\/221253\/revisions"}],"predecessor-version":[{"id":221255,"href":"https:\/\/diarioregionaldigital.com.br\/index.php?rest_route=\/wp\/v2\/posts\/221253\/revisions\/221255"}],"wp:featuredmedia":[{"embeddable":true,"href":"https:\/\/diarioregionaldigital.com.br\/index.php?rest_route=\/wp\/v2\/media\/221254"}],"wp:attachment":[{"href":"https:\/\/diarioregionaldigital.com.br\/index.php?rest_route=%2Fwp%2Fv2%2Fmedia&parent=221253"}],"wp:term":[{"taxonomy":"category","embeddable":true,"href":"https:\/\/diarioregionaldigital.com.br\/index.php?rest_route=%2Fwp%2Fv2%2Fcategories&post=221253"},{"taxonomy":"post_tag","embeddable":true,"href":"https:\/\/diarioregionaldigital.com.br\/index.php?rest_route=%2Fwp%2Fv2%2Ftags&post=221253"}],"curies":[{"name":"wp","href":"https:\/\/api.w.org\/{rel}","templated":true}]}}