{"id":221241,"date":"2024-02-20T19:58:47","date_gmt":"2024-02-20T22:58:47","guid":{"rendered":"https:\/\/diarioregionaldigital.com.br\/?p=221241"},"modified":"2024-02-20T19:58:47","modified_gmt":"2024-02-20T22:58:47","slug":"petrobras-quer-dividir-gestao-da-braskem-com-novo-socio-diz-prates","status":"publish","type":"post","link":"https:\/\/diarioregionaldigital.com.br\/?p=221241","title":{"rendered":"Petrobras quer dividir gest\u00e3o da Braskem com novo s\u00f3cio, diz Prates"},"content":{"rendered":"<p>O presidente da Petrobras, Jean Paul Prates, voltou a manifestar nesta ter\u00e7a-feira (20) interesse da companhia em dividir a gest\u00e3o da petroqu\u00edmica Braskem.<img decoding=\"async\" src=\"https:\/\/agenciabrasil.ebc.com.br\/ebc.png?id=1581816&amp;o=node\" \/><img decoding=\"async\" src=\"https:\/\/agenciabrasil.ebc.com.br\/ebc.gif?id=1581816&amp;o=node\" \/><\/p>\n<p>A petrol\u00edfera det\u00e9m 36,1% do capital total da petroqu\u00edmica. J\u00e1 a Novonor (ex-Odebrecht) tem 38,3% do capital. A Novonor se encontra em recupera\u00e7\u00e3o judicial e precisa vender sua parte na Braskem para pagar d\u00edvidas estimadas em cerca de R$ 15 bilh\u00f5es.<\/p>\n<p>Segundo Prates, a Petrobras, neste momento, \u00e9 uma observadora do processo, n\u00e3o sendo vendedora ou compradora da parte da Novonor.<\/p>\n<p>\u201cN\u00f3s estamos observando o processo e tentando, em algumas conversas, paralelamente, sem influenciar o processo, conhecer quais s\u00e3o os potenciais parceiros que poder\u00e3o ser nossos s\u00f3cios, em igualdade de condi\u00e7\u00f5es no novo arranjo societ\u00e1rio\u201d, disse.<\/p>\n<p>Na semana passada em visita \u00e0 \u00cdndia e ao Oriente M\u00e9dio, Prates reuniu-se com a Abu Dhabi National Oil Company (Adnoc), empresa \u00a0interessada em ingressar no controle acion\u00e1rio da Braskem.<\/p>\n<p>\u201cA conversa com a Adnoc \u00e9 uma conversa geral com a Petrobras sobre v\u00e1rias coisas, inclusive a petroqu\u00edmica. E a\u00ed entra a Braskem, porque eles fizeram uma proposta pela Braskem. Mas \u00e9 uma conversa de futuro. S\u00e3o conversas, realmente, de alto n\u00edvel com muita intelig\u00eancia, voltada para o futuro\u201d, afirmou, acrescentando que cabe \u00e0 Novonor falar publicamente sobre negocia\u00e7\u00f5es.<\/p>\n<p>O presidente da petrol\u00edfera reconhece que a Petrobras\u00a0pode ser um elemento decisivo para um desfecho do neg\u00f3cio, por\u00e9m n\u00e3o pretende exercer o direito de prefer\u00eancia, e sim ter um novo s\u00f3cio.<\/p>\n<h2>Combust\u00edveis<\/h2>\n<p>Sobre reajuste no pre\u00e7o da gasolina e do diesel, Jean Paul Prates disse que \u201cn\u00e3o h\u00e1 raz\u00e3o, no momento, para se mexer em pre\u00e7os de combust\u00edveis\u201d.<\/p>\n<p>Segundo ele, a empresa realiza um acompanhamento diuturno dos mercados para resguardar o \u201cmercado brasileiro das oscila\u00e7\u00f5es desnecess\u00e1rias\u201d.<\/p>\n<p>Prates participou, no Centro de Pesquisas da Petrobras (Cenpes), na Ilha do Fund\u00e3o, da apresenta\u00e7\u00e3o da fase piloto de tecnologia para aumentar a efici\u00eancia e descarboniza\u00e7\u00e3o da produ\u00e7\u00e3o de petr\u00f3leo, no campo de Mero, localizado no pr\u00e9-sal.<\/p>\n<p>Fonte: Ag\u00eancia Brasil<\/p>\n","protected":false},"excerpt":{"rendered":"<p>O presidente da Petrobras, Jean Paul Prates, voltou a manifestar nesta ter\u00e7a-feira (20) interesse da companhia em dividir a gest\u00e3o da petroqu\u00edmica Braskem. A petrol\u00edfera det\u00e9m 36,1% do capital total da petroqu\u00edmica. J\u00e1 a Novonor (ex-Odebrecht) tem 38,3% do capital. A Novonor se encontra em recupera\u00e7\u00e3o judicial e precisa vender sua parte na Braskem para [&hellip;]<\/p>\n","protected":false},"author":246,"featured_media":221242,"comment_status":"closed","ping_status":"closed","sticky":false,"template":"","format":"standard","meta":{"footnotes":""},"categories":[436,440,261,439],"tags":[],"class_list":["post-221241","post","type-post","status-publish","format-standard","has-post-thumbnail","hentry","category-destaque-da-semana","category-destaques-do-dia","category-economia","category-ultima-hora"],"_links":{"self":[{"href":"https:\/\/diarioregionaldigital.com.br\/index.php?rest_route=\/wp\/v2\/posts\/221241","targetHints":{"allow":["GET"]}}],"collection":[{"href":"https:\/\/diarioregionaldigital.com.br\/index.php?rest_route=\/wp\/v2\/posts"}],"about":[{"href":"https:\/\/diarioregionaldigital.com.br\/index.php?rest_route=\/wp\/v2\/types\/post"}],"author":[{"embeddable":true,"href":"https:\/\/diarioregionaldigital.com.br\/index.php?rest_route=\/wp\/v2\/users\/246"}],"replies":[{"embeddable":true,"href":"https:\/\/diarioregionaldigital.com.br\/index.php?rest_route=%2Fwp%2Fv2%2Fcomments&post=221241"}],"version-history":[{"count":1,"href":"https:\/\/diarioregionaldigital.com.br\/index.php?rest_route=\/wp\/v2\/posts\/221241\/revisions"}],"predecessor-version":[{"id":221243,"href":"https:\/\/diarioregionaldigital.com.br\/index.php?rest_route=\/wp\/v2\/posts\/221241\/revisions\/221243"}],"wp:featuredmedia":[{"embeddable":true,"href":"https:\/\/diarioregionaldigital.com.br\/index.php?rest_route=\/wp\/v2\/media\/221242"}],"wp:attachment":[{"href":"https:\/\/diarioregionaldigital.com.br\/index.php?rest_route=%2Fwp%2Fv2%2Fmedia&parent=221241"}],"wp:term":[{"taxonomy":"category","embeddable":true,"href":"https:\/\/diarioregionaldigital.com.br\/index.php?rest_route=%2Fwp%2Fv2%2Fcategories&post=221241"},{"taxonomy":"post_tag","embeddable":true,"href":"https:\/\/diarioregionaldigital.com.br\/index.php?rest_route=%2Fwp%2Fv2%2Ftags&post=221241"}],"curies":[{"name":"wp","href":"https:\/\/api.w.org\/{rel}","templated":true}]}}