{"id":221234,"date":"2024-02-20T02:40:20","date_gmt":"2024-02-20T05:40:20","guid":{"rendered":"https:\/\/diarioregionaldigital.com.br\/?p=221234"},"modified":"2024-02-20T02:41:04","modified_gmt":"2024-02-20T05:41:04","slug":"extrato-de-contrato-20-02-2024","status":"publish","type":"post","link":"https:\/\/diarioregionaldigital.com.br\/?p=221234","title":{"rendered":"EXTRATO DE CONTRATO &#8211; 20\/02\/2024"},"content":{"rendered":"<p style=\"text-align: center;\">EXTRATO DE CONTRATO<\/p>\n<p style=\"text-align: center;\">Pref. Municipal de Descoberto x Aluisio Furtado de Mendon\u00e7a J\u00fanior, Poliana Furtado de Mendon\u00e7a e Marcelo Furtado de Mendon\u00e7a &#8211; Objeto: Loca\u00e7\u00e3o de im\u00f3vel para instala\u00e7\u00e3o da Casa de Cultura Minervina de Ara\u00fajo Lima &#8211; Fundamento: Inexigibilidade n\u00ba 007\/2024 &#8211; Valor Global: R$18.000,00 &#8211; Vig\u00eancia: 12 meses- Dot or\u00e7: 02.016.000.13.391.0015.2075.339036.00- Ass: 16\/02\/2024 &#8211; Foro: S\u00e3o Jo\u00e3o Nepomuceno\/MG.<\/p>\n<p style=\"text-align: center;\">Marcos de Ara\u00fajo Lima<br \/>\nPrefeito Municipal<\/p>\n","protected":false},"excerpt":{"rendered":"<p>EXTRATO DE CONTRATO Pref. Municipal de Descoberto x Aluisio Furtado de Mendon\u00e7a J\u00fanior, Poliana Furtado de Mendon\u00e7a e Marcelo Furtado de Mendon\u00e7a &#8211; Objeto: Loca\u00e7\u00e3o de im\u00f3vel para instala\u00e7\u00e3o da Casa de Cultura Minervina de Ara\u00fajo Lima &#8211; Fundamento: Inexigibilidade n\u00ba 007\/2024 &#8211; Valor Global: R$18.000,00 &#8211; Vig\u00eancia: 12 meses- Dot or\u00e7: 02.016.000.13.391.0015.2075.339036.00- Ass: 16\/02\/2024 [&hellip;]<\/p>\n","protected":false},"author":246,"featured_media":0,"comment_status":"closed","ping_status":"closed","sticky":false,"template":"","format":"standard","meta":{"footnotes":""},"categories":[307],"tags":[],"class_list":["post-221234","post","type-post","status-publish","format-standard","hentry","category-editais"],"_links":{"self":[{"href":"https:\/\/diarioregionaldigital.com.br\/index.php?rest_route=\/wp\/v2\/posts\/221234","targetHints":{"allow":["GET"]}}],"collection":[{"href":"https:\/\/diarioregionaldigital.com.br\/index.php?rest_route=\/wp\/v2\/posts"}],"about":[{"href":"https:\/\/diarioregionaldigital.com.br\/index.php?rest_route=\/wp\/v2\/types\/post"}],"author":[{"embeddable":true,"href":"https:\/\/diarioregionaldigital.com.br\/index.php?rest_route=\/wp\/v2\/users\/246"}],"replies":[{"embeddable":true,"href":"https:\/\/diarioregionaldigital.com.br\/index.php?rest_route=%2Fwp%2Fv2%2Fcomments&post=221234"}],"version-history":[{"count":2,"href":"https:\/\/diarioregionaldigital.com.br\/index.php?rest_route=\/wp\/v2\/posts\/221234\/revisions"}],"predecessor-version":[{"id":221237,"href":"https:\/\/diarioregionaldigital.com.br\/index.php?rest_route=\/wp\/v2\/posts\/221234\/revisions\/221237"}],"wp:attachment":[{"href":"https:\/\/diarioregionaldigital.com.br\/index.php?rest_route=%2Fwp%2Fv2%2Fmedia&parent=221234"}],"wp:term":[{"taxonomy":"category","embeddable":true,"href":"https:\/\/diarioregionaldigital.com.br\/index.php?rest_route=%2Fwp%2Fv2%2Fcategories&post=221234"},{"taxonomy":"post_tag","embeddable":true,"href":"https:\/\/diarioregionaldigital.com.br\/index.php?rest_route=%2Fwp%2Fv2%2Ftags&post=221234"}],"curies":[{"name":"wp","href":"https:\/\/api.w.org\/{rel}","templated":true}]}}