{"id":221214,"date":"2024-02-16T19:33:45","date_gmt":"2024-02-16T22:33:45","guid":{"rendered":"https:\/\/diarioregionaldigital.com.br\/?p=221214"},"modified":"2024-02-16T19:33:45","modified_gmt":"2024-02-16T22:33:45","slug":"dudu-lima-trio-caminhos-jf-projeto-musical-aprovado-no-edital-murilao-promete-experiencia-unica-ao-publico","status":"publish","type":"post","link":"https:\/\/diarioregionaldigital.com.br\/?p=221214","title":{"rendered":"Dudu Lima Trio &#8211; Caminhos JF: Projeto musical aprovado no Edital Muril\u00e3o promete experi\u00eancia \u00fanica ao p\u00fablico"},"content":{"rendered":"<p>Segundo informa\u00e7\u00f5es do site da Prefeitura de Juiz de Fora (PJF), o renomado contrabaixista, compositor e arranjador mineiro, Dudu Lima, apresenta sua sonoridade no projeto &#8220;Dudu Lima Trio &#8211; Caminhos JF&#8221;. A iniciativa foi aprovada no Edital &#8220;Muril\u00e3o &#8211; 2023&#8221; do Programa Cultural Murilo Mendes, mantido pela Prefeitura de Juiz de Fora (PJF) e gerenciado pela Funalfa.<\/p>\n<p>A forma\u00e7\u00e3o do Dudu Lima Trio conta ainda com os instrumentistas Caetano Brasil (clarinete e sax) e Leandro Scio (bateria e percuss\u00e3o), ambos destacados na cena musical mineira. O trio se apresentar\u00e1 em tr\u00eas locais distintos: no distrito de Sarandira em 24 de fevereiro, no bairro Benfica em 7 de mar\u00e7o e no distrito de Ros\u00e1rio de Minas em 23 de mar\u00e7o, com produ\u00e7\u00e3o da Gravat\u00e1s Arte &amp; Amanita Produ\u00e7\u00f5es e apoio da Carabina Cultural.<\/p>\n<p>Estes eventos marcar\u00e3o o pr\u00e9-lan\u00e7amento do \u00e1lbum &#8220;DUDU LIMA \u2013 Live in Brazil&#8221;, com releituras instrumentais modernas de cl\u00e1ssicos mundiais, incluindo obras de Johann Sebastian Bach, Beatles, Milton Nascimento e autorais de Dudu Lima, como &#8220;Rapadura \u00e9 doce mas n\u00e3o \u00e9 mole n\u00e3o&#8221;.<\/p>\n<p>Com uma carreira de 38 anos, Dudu Lima acumula 21 \u00e1lbuns lan\u00e7ados, com participa\u00e7\u00f5es especiais de grandes nomes da m\u00fasica brasileira e internacional, como Jo\u00e3o Bosco, Milton Nascimento, Wagner Tiso, Toninho Horta, entre outros.<\/p>\n<p>Erasmo de Roterdam, cr\u00edtico da MPBJazz, destaca a paix\u00e3o de Dudu Lima pelo contrabaixo ac\u00fastico, descrevendo o m\u00fasico como um &#8220;possu\u00eddo pela m\u00fasica&#8221; &#8211; uma rela\u00e7\u00e3o de amor sem pudores e correspondida.<\/p>\n<p>Os shows do Dudu Lima Trio &#8211; Caminhos JF prometem ser eventos memor\u00e1veis, celebrando a riqueza cultural e musical que esse trio excepcional traz \u00e0 cidade. Uma oportunidade \u00fanica para os amantes da m\u00fasica desfrutarem de uma experi\u00eancia sonora inigual\u00e1vel.<\/p>\n","protected":false},"excerpt":{"rendered":"<p>Segundo informa\u00e7\u00f5es do site da Prefeitura de Juiz de Fora (PJF), o renomado contrabaixista, compositor e arranjador mineiro, Dudu Lima, apresenta sua sonoridade no projeto &#8220;Dudu Lima Trio &#8211; Caminhos JF&#8221;. A iniciativa foi aprovada no Edital &#8220;Muril\u00e3o &#8211; 2023&#8221; do Programa Cultural Murilo Mendes, mantido pela Prefeitura de Juiz de Fora (PJF) e gerenciado [&hellip;]<\/p>\n","protected":false},"author":246,"featured_media":221215,"comment_status":"closed","ping_status":"closed","sticky":false,"template":"","format":"standard","meta":{"footnotes":""},"categories":[253,436,439],"tags":[],"class_list":["post-221214","post","type-post","status-publish","format-standard","has-post-thumbnail","hentry","category-cidade","category-destaque-da-semana","category-ultima-hora"],"_links":{"self":[{"href":"https:\/\/diarioregionaldigital.com.br\/index.php?rest_route=\/wp\/v2\/posts\/221214","targetHints":{"allow":["GET"]}}],"collection":[{"href":"https:\/\/diarioregionaldigital.com.br\/index.php?rest_route=\/wp\/v2\/posts"}],"about":[{"href":"https:\/\/diarioregionaldigital.com.br\/index.php?rest_route=\/wp\/v2\/types\/post"}],"author":[{"embeddable":true,"href":"https:\/\/diarioregionaldigital.com.br\/index.php?rest_route=\/wp\/v2\/users\/246"}],"replies":[{"embeddable":true,"href":"https:\/\/diarioregionaldigital.com.br\/index.php?rest_route=%2Fwp%2Fv2%2Fcomments&post=221214"}],"version-history":[{"count":2,"href":"https:\/\/diarioregionaldigital.com.br\/index.php?rest_route=\/wp\/v2\/posts\/221214\/revisions"}],"predecessor-version":[{"id":221217,"href":"https:\/\/diarioregionaldigital.com.br\/index.php?rest_route=\/wp\/v2\/posts\/221214\/revisions\/221217"}],"wp:featuredmedia":[{"embeddable":true,"href":"https:\/\/diarioregionaldigital.com.br\/index.php?rest_route=\/wp\/v2\/media\/221215"}],"wp:attachment":[{"href":"https:\/\/diarioregionaldigital.com.br\/index.php?rest_route=%2Fwp%2Fv2%2Fmedia&parent=221214"}],"wp:term":[{"taxonomy":"category","embeddable":true,"href":"https:\/\/diarioregionaldigital.com.br\/index.php?rest_route=%2Fwp%2Fv2%2Fcategories&post=221214"},{"taxonomy":"post_tag","embeddable":true,"href":"https:\/\/diarioregionaldigital.com.br\/index.php?rest_route=%2Fwp%2Fv2%2Ftags&post=221214"}],"curies":[{"name":"wp","href":"https:\/\/api.w.org\/{rel}","templated":true}]}}