{"id":221196,"date":"2024-02-16T19:12:51","date_gmt":"2024-02-16T22:12:51","guid":{"rendered":"https:\/\/diarioregionaldigital.com.br\/?p=221196"},"modified":"2024-02-16T19:12:51","modified_gmt":"2024-02-16T22:12:51","slug":"rede-minas-vence-premio-internacional-de-transporte-e-mobilidade-na-america-latina","status":"publish","type":"post","link":"https:\/\/diarioregionaldigital.com.br\/?p=221196","title":{"rendered":"Rede Minas vence pr\u00eamio internacional de Transporte e Mobilidade na Am\u00e9rica Latina"},"content":{"rendered":"<p>A produtora e rep\u00f3rter Andreza Brito \u00e9 a vencedora do\u00a0pr\u00eamio internacional Transporte e Mobilidade na Am\u00e9rica Latina (ITF). A jornalista assina a reportagem\u00a0\u201cMobilidade urbana nas cidades hist\u00f3ricas: solu\u00e7\u00f5es preservando o patrim\u00f4nio hist\u00f3rico\u201d, exibida no Jornal Minas, da\u00a0<a href=\"https:\/\/redeminas.tv\/\" target=\"_blank\" rel=\"noopener\">Rede Minas<\/a>, que concorreu com 89 trabalhos de 14 pa\u00edses. Tamb\u00e9m participaram da produ\u00e7\u00e3o da mat\u00e9ria o editor de texto Fl\u00e1vio Guerra, a rep\u00f3rter cinematogr\u00e1fica Naiara Guimar\u00e3es, o editor de imagens Victor Caldas e o motorista Carlos Humberto.<br aria-hidden=\"true\" \/><br aria-hidden=\"true\" \/>Gravada em Ouro Preto, a reportagem \u201cMobilidade urbana nas cidades hist\u00f3ricas\u201d trata sobre a adequa\u00e7\u00e3o dos centros urbanos tur\u00edsticos para garantir acessibilidade para pessoas com defici\u00eancia. De acordo com divulga\u00e7\u00e3o no site da ITF \/ OCDE, a mat\u00e9ria apresenta \u201cum \u00e2ngulo cativante sobre a necessidade de equilibrar duas considera\u00e7\u00f5es importantes: a de tornar as cidades acess\u00edveis a todos e a preserva\u00e7\u00e3o de nosso patrim\u00f4nio constru\u00eddo\u201d. \u00a0Ainda segundo o texto, \u201co trabalho lan\u00e7a luz sobre uma quest\u00e3o altamente relevante, mas n\u00e3o frequentemente relatada\u201d.<br aria-hidden=\"true\" \/><br aria-hidden=\"true\" \/>O\u00a0pr\u00eamio &#8220;Transporte e Mobilidade na Am\u00e9rica Latina (ITF)&#8221; \u00e9 realizado pelo F\u00f3rum Internacional de Transporte, da OCDE, organiza\u00e7\u00e3o intergovernamental com 66 pa\u00edses membros.<strong>\u00a0<\/strong>Foram avaliadas reportagens que abordam o papel do transporte no desenvolvimento econ\u00f4mico, na sustentabilidade ambiental ou na inclus\u00e3o social na regi\u00e3o. O pr\u00eamio ser\u00e1 entregue a Andreza Brito pelo secret\u00e1rio-geral da ITF, Young-Tae Kim, durante a C\u00fapula Anual do F\u00f3rum Internacional de Transportes, que acontece em maio, na Alemanha. O evento \u00e9 considerado o principal encontro de pol\u00edtica de transporte do mundo.<br aria-hidden=\"true\" \/><br aria-hidden=\"true\" \/>A reportagem pode ser conferida no\u00a0<a href=\"https:\/\/redeminas.tv\/rede-minas-vence-premio-internacional-de-transporte-e-mobilidade-na-america-latina\/\/\" target=\"_blank\" rel=\"noopener\">site da Rede Minas<\/a>.<\/p>\n<p>Fonte: Ag\u00eancia Minas<\/p>\n","protected":false},"excerpt":{"rendered":"<p>A produtora e rep\u00f3rter Andreza Brito \u00e9 a vencedora do\u00a0pr\u00eamio internacional Transporte e Mobilidade na Am\u00e9rica Latina (ITF). A jornalista assina a reportagem\u00a0\u201cMobilidade urbana nas cidades hist\u00f3ricas: solu\u00e7\u00f5es preservando o patrim\u00f4nio hist\u00f3rico\u201d, exibida no Jornal Minas, da\u00a0Rede Minas, que concorreu com 89 trabalhos de 14 pa\u00edses. Tamb\u00e9m participaram da produ\u00e7\u00e3o da mat\u00e9ria o editor de [&hellip;]<\/p>\n","protected":false},"author":246,"featured_media":221197,"comment_status":"closed","ping_status":"closed","sticky":false,"template":"","format":"standard","meta":{"footnotes":""},"categories":[436,254,439],"tags":[],"class_list":["post-221196","post","type-post","status-publish","format-standard","has-post-thumbnail","hentry","category-destaque-da-semana","category-politica","category-ultima-hora"],"_links":{"self":[{"href":"https:\/\/diarioregionaldigital.com.br\/index.php?rest_route=\/wp\/v2\/posts\/221196","targetHints":{"allow":["GET"]}}],"collection":[{"href":"https:\/\/diarioregionaldigital.com.br\/index.php?rest_route=\/wp\/v2\/posts"}],"about":[{"href":"https:\/\/diarioregionaldigital.com.br\/index.php?rest_route=\/wp\/v2\/types\/post"}],"author":[{"embeddable":true,"href":"https:\/\/diarioregionaldigital.com.br\/index.php?rest_route=\/wp\/v2\/users\/246"}],"replies":[{"embeddable":true,"href":"https:\/\/diarioregionaldigital.com.br\/index.php?rest_route=%2Fwp%2Fv2%2Fcomments&post=221196"}],"version-history":[{"count":1,"href":"https:\/\/diarioregionaldigital.com.br\/index.php?rest_route=\/wp\/v2\/posts\/221196\/revisions"}],"predecessor-version":[{"id":221198,"href":"https:\/\/diarioregionaldigital.com.br\/index.php?rest_route=\/wp\/v2\/posts\/221196\/revisions\/221198"}],"wp:featuredmedia":[{"embeddable":true,"href":"https:\/\/diarioregionaldigital.com.br\/index.php?rest_route=\/wp\/v2\/media\/221197"}],"wp:attachment":[{"href":"https:\/\/diarioregionaldigital.com.br\/index.php?rest_route=%2Fwp%2Fv2%2Fmedia&parent=221196"}],"wp:term":[{"taxonomy":"category","embeddable":true,"href":"https:\/\/diarioregionaldigital.com.br\/index.php?rest_route=%2Fwp%2Fv2%2Fcategories&post=221196"},{"taxonomy":"post_tag","embeddable":true,"href":"https:\/\/diarioregionaldigital.com.br\/index.php?rest_route=%2Fwp%2Fv2%2Ftags&post=221196"}],"curies":[{"name":"wp","href":"https:\/\/api.w.org\/{rel}","templated":true}]}}