{"id":221193,"date":"2024-02-16T19:11:05","date_gmt":"2024-02-16T22:11:05","guid":{"rendered":"https:\/\/diarioregionaldigital.com.br\/?p=221193"},"modified":"2024-02-16T19:11:05","modified_gmt":"2024-02-16T22:11:05","slug":"minas-gerais-intensifica-acoes-para-enfrentamento-da-dengue-e-outras-arboviroses","status":"publish","type":"post","link":"https:\/\/diarioregionaldigital.com.br\/?p=221193","title":{"rendered":"Minas Gerais intensifica a\u00e7\u00f5es para enfrentamento da dengue e outras arboviroses"},"content":{"rendered":"<p><main class=\"clear margin-md-bottom-3\"><\/p>\n<div class=\"clear \">\n<p>O\u00a0<a href=\"https:\/\/www.mg.gov.br\/\" target=\"_blank\" rel=\"noopener\">Governo de Minas<\/a>\u00a0apresentou as a\u00e7\u00f5es de enfrentamento \u00e0s arboviroses (dengue, zika e chikungunya) nesta sexta-feira (16\/2).<\/p>\n<p>A\u00a0<a href=\"https:\/\/www.saude.mg.gov.br\/\" target=\"_blank\" rel=\"noopener\">Secretaria de Estado de Sa\u00fade de Minas Gerais (SES-MG)<\/a>\u00a0contabilizou a destina\u00e7\u00e3o de mais de R$ 150 milh\u00f5es a todos os munic\u00edpios do estado no enfrentamento \u00e0s doen\u00e7as provocadas pelo mosquito\u00a0<em>Aedes aegypti<\/em>, al\u00e9m de promover um Dia D contra arboviroses, a capacita\u00e7\u00e3o de equipes de sa\u00fade e a implementa\u00e7\u00e3o da abertura por 24 horas da sala de hidrata\u00e7\u00e3o do Hospital J\u00falia kubitschek (HJK), em Belo Horizonte.<\/p>\n<p><strong>Cen\u00e1rio atual<\/strong><\/p>\n<p>Diante da situa\u00e7\u00e3o de emerg\u00eancia, declarada em janeiro, a expectativa de que Minas Gerais vivencie o ano com maior n\u00famero de casos de dengue da s\u00e9rie hist\u00f3rica em 2024, em compara\u00e7\u00e3o com anos epid\u00eamicos anteriores.<\/p>\n<p>De acordo com o\u00a0<a href=\"https:\/\/www.saude.mg.gov.br\/aedes\/painel\" target=\"_blank\" rel=\"noopener\">Painel de Monitoramento das Arboviroses<\/a>, foram notificados 194.801 casos prov\u00e1veis de dengue em Minas Gerais at\u00e9 16\/2, dos quais 67.592 est\u00e3o confirmados. H\u00e1 105 \u00f3bitos em investiga\u00e7\u00e3o e 18 confirmados. Em rela\u00e7\u00e3o \u00e0 chikungunya, at\u00e9 o momento, foram notificados 23.628 casos prov\u00e1veis, sendo 15.727 confirmados para a doen\u00e7a. H\u00e1 16 \u00f3bitos em investiga\u00e7\u00e3o e um \u00f3bito confirmado.<\/p>\n<p>O secret\u00e1rio de Estado de Sa\u00fade, F\u00e1bio Baccheretti, analisou o cen\u00e1rio atualizado das arboviroses urbanas no estado. \u201cNossa previs\u00e3o \u00e9 de uma curva ascendente. Ainda n\u00e3o temos os dados desta \u00faltima semana epidemiol\u00f3gica, mas nunca vivenciamos uma inclina\u00e7\u00e3o t\u00e3o forte de dengue na nossa hist\u00f3ria. J\u00e1 ultrapassamos o pico da previs\u00e3o e n\u00e3o temos d\u00favidas que este vai ser o pior ano da nossa hist\u00f3ria de dengue\u201d, apontou o secret\u00e1rio.<\/p>\n<p>Ele demonstrou preocupa\u00e7\u00e3o com a situa\u00e7\u00e3o epidemiol\u00f3gica da Regi\u00e3o Metropolitana de Belo Horizonte (RMBH). \u201cNeste momento, a capital mineira e a regi\u00e3o metropolitana vivem o momento mais cr\u00edtico em n\u00famero de atendimentos e a expectativa \u00e9 que isso dure mais algumas semanas. Vamos continuar tendo muitos casos, mas esse pico de atendimento tende a come\u00e7ar a diminuir em meados de mar\u00e7o. Temos alguns munic\u00edpios que come\u00e7aram a ter casos antes de Belo Horizonte e agora a demanda nas Unidades de Pronto Atendimento (UPA) est\u00e1 menor que h\u00e1 duas semanas, e esse \u00e9 o comportamento comum da dengue\u201d, informou F\u00e1bio.<\/p>\n<figure class=\"image\"><img decoding=\"async\" src=\"https:\/\/www.agenciaminas.mg.gov.br\/ckeditor_assets\/pictures\/20307\/content_160224_fabio_marchetto_14.jpg\" alt=\"\" \/><figcaption><sub>Secret\u00e1rio explica cen\u00e1rio em Minas (Fabio Marchetto \/ SES-MG)<\/sub><\/figcaption><\/figure>\n<p>Para o secret\u00e1rio, o aumento de incid\u00eancia do sorotipo denv2 e o retorno da circula\u00e7\u00e3o do sorotipo denv3 s\u00e3o motivos de preocupa\u00e7\u00e3o, uma vez que a maioria das pessoas est\u00e1 sem imunidade para esses sorotipos, logo uma infec\u00e7\u00e3o pode gerar casos mais graves. \u201cNossos esfor\u00e7os devem ser concentrados no atendimento qualificado, pois o \u00f3bito por dengue \u00e9 evit\u00e1vel. Na maior parte dos casos, o tratamento \u00e9 feito com hidrata\u00e7\u00e3o no tempo certo e por isso estamos investindo cada vez mais na capacita\u00e7\u00e3o dos profissionais de sa\u00fade para que o tempo de identifica\u00e7\u00e3o dos casos graves seja agilizado\u201d, refor\u00e7ou.<\/p>\n<p>\u201cGeralmente, o paciente procura atendimento quando est\u00e1 com febre alta, dor no corpo na fase mais aguda, e n\u00e3o \u00e9 esse o ponto que mais nos preocupa. A convers\u00e3o do paciente para a dengue hemorr\u00e1gica acontece a partir do quinto dia dos sintomas, quando a febre cede. Nesse momento, pode ocorrer o choque, com queda de press\u00e3o, momento em que \u00e9 necess\u00e1rio o tratamento com soro na veia e medicamento para aumentar a press\u00e3o arterial. \u00c9 importante garantir que o paciente retorne ao atendimento na Unidade B\u00e1sica de Sa\u00fade (UBS) ap\u00f3s o quinto dia dos sintomas, para que a equipe observe como est\u00e1 sendo a recupera\u00e7\u00e3o, garantindo que n\u00e3o haja piora ou sinais de agravamento da dengue\u201d, pontuou o secret\u00e1rio de Sa\u00fade de Minas.<\/p>\n<p><strong>Sala de hidrata\u00e7\u00e3o<\/strong><\/p>\n<p>Para ampliar o atendimento e apoiar a assist\u00eancia \u00e0 popula\u00e7\u00e3o, a SES-MG informou que, por meio da\u00a0<a href=\"https:\/\/www.fhemig.mg.gov.br\/\" target=\"_blank\" rel=\"noopener\">Funda\u00e7\u00e3o Hospitalar do Estado de Minas Gerais (Fhemig)<\/a>, passa a manter aberta por 24 horas a unidade de hidrata\u00e7\u00e3o (reposi\u00e7\u00e3o vol\u00eamica) no HJK, na regi\u00e3o do Barreiro. O local, aberto em 2\/2, conta com 21 poltronas para atendimento a pacientes que precisam receber hidrata\u00e7\u00e3o venosa e 30 cadeiras para hidrata\u00e7\u00e3o oral.<\/p>\n<p>A unidade de hidrata\u00e7\u00e3o possui sala de triagem, dois consult\u00f3rios m\u00e9dicos, duas salas de reposi\u00e7\u00e3o venosa e espa\u00e7o para hidrata\u00e7\u00e3o oral e a capacidade de atendimento pode chegar a at\u00e9 300 pessoas por dia. A maternidade do HJK tamb\u00e9m passou a ser refer\u00eancia municipal no atendimento a gestantes com dengue, chikungunya ou zika.<\/p>\n<p>A abertura da unidade de hidrata\u00e7\u00e3o integra a\u00e7\u00f5es previstas no Plano de Conting\u00eancia da Fhemig para doen\u00e7as causadas pelo Aedes aegypti, que prev\u00ea a ativa\u00e7\u00e3o progressiva dos servi\u00e7os, conforme a demanda do munic\u00edpio de Belo Horizonte (gestor pleno da sa\u00fade) e a situa\u00e7\u00e3o epidemiol\u00f3gica.<\/p>\n<p><strong>Dia D\u00a0<\/strong><\/p>\n<p>A SES-MG tamb\u00e9m coordenar\u00e1 o Dia D de conscientiza\u00e7\u00e3o e combate \u00e0 arboviroses em todo o estado, por meio das 28 Unidades Regionais de Sa\u00fade (URS). A ideia \u00e9 promover o movimento Minas Unida no Combate ao Mosquito no dia 24\/2. O movimento, ao qual j\u00e1 aderiram 160 munic\u00edpios mineiros de todas as regi\u00f5es, realizar\u00e1 mutir\u00f5es comunit\u00e1rios para eliminar os focos de\u00a0<em>Aedes aegypti<\/em>.<\/p>\n<p>Est\u00e3o planejadas a\u00e7\u00f5es de mobiliza\u00e7\u00e3o para orientar e conscientizar a popula\u00e7\u00e3o que a responsabilidade di\u00e1ria de manter ambientes dentro das casas \u00e9 tamb\u00e9m do cidad\u00e3o. \u201cEsse \u00e9 um momento para sensibilizar toda a popula\u00e7\u00e3o e precisamos que todos nos ajudem a disseminar a import\u00e2ncia de n\u00e3o deixar entulhos e \u00e1gua parada. \u00c9 preciso destacar o papel de cada cidad\u00e3o nesse processo, para que consigamos diminuir os n\u00fameros dessa doen\u00e7a que est\u00e1 nos afligindo muito em 2024\u201d, alertou o secret\u00e1rio F\u00e1bio Baccheretti, que lembrou que as prefeituras que ainda n\u00e3o fazem parte do movimento podem procurar sua respectiva URS para isso.<\/p>\n<p>Para prevenir a prolifera\u00e7\u00e3o do mosquito causador da dengue e chikungunya, \u00e9 fundamental a ado\u00e7\u00e3o de a\u00e7\u00f5es de prote\u00e7\u00e3o coletiva, como remo\u00e7\u00e3o de locais onde h\u00e1 ac\u00famulo de \u00e1gua e elimina\u00e7\u00e3o de criadouros de mosquitos, al\u00e9m do tamponamento de caixas d\u2019\u00e1gua e realiza\u00e7\u00e3o da limpeza das calhas.<\/p>\n<p>Para a prote\u00e7\u00e3o individual contra a picada do mosquito, recomenda-se o uso de repelente, inclusive por pessoas com sintomas ou j\u00e1 diagnosticada com dengue ou chikungunya, uma vez que o mosquito pode se infectar ao pic\u00e1-la e transmitir a doen\u00e7a para outros indiv\u00edduos.<\/p>\n<p>Em caso de sinais e sintomas suspeitos de dengue, chikungunya ou\u00a0zika,\u00a0recomenda-se buscar o atendimento m\u00e9dico. As UBSs s\u00e3o a porta de entrada para esses pacientes em todo o estado.<\/p>\n<p><strong>Atua\u00e7\u00e3o em Minas<\/strong><\/p>\n<p>A SES-MG est\u00e1 pagando, neste m\u00eas de fevereiro, um incremento de R$32,2 milh\u00f5es aos munic\u00edpios mineiros para o combate da dengue, zika e chikungunya no estado. O valor se soma aos R$80,5 milh\u00f5es repassados em dezembro, enquanto outros R$32,2 milh\u00f5es ser\u00e3o pagos no m\u00eas de julho.<\/p>\n<p>A secretaria tamb\u00e9m est\u00e1 investindo R$ 30,5 milh\u00f5es para que os munic\u00edpios contratem o servi\u00e7o de drones que ser\u00e3o utilizados na identifica\u00e7\u00e3o, monitoramento e tratamento dos focos e criadouros do Aedes aegypti, permitindo uma atua\u00e7\u00e3o mais direcionada e eficaz por parte das Secretarias Municipais de Sa\u00fade. Foram repassados R$15 milh\u00f5es em 2023 e o restante ser\u00e1 pago j\u00e1 nos pr\u00f3ximos meses.<\/p>\n<p>Em 27\/1 , o Governo de Minas havia publicado o decreto que declara a situa\u00e7\u00e3o de emerg\u00eancia em Sa\u00fade P\u00fablica no Estado, em raz\u00e3o do cen\u00e1rio epidemiol\u00f3gico das arboviroses, autorizando a ado\u00e7\u00e3o de medidas administrativas que se fa\u00e7am necess\u00e1rias, tais como a requisi\u00e7\u00e3o de bens ou servi\u00e7os e flexibiliza\u00e7\u00e3o para aquisi\u00e7\u00e3o direta de produtos, insumos e materiais.<\/p>\n<p>A partir do decreto, foi implantado o Centro de Opera\u00e7\u00e3o de Emerg\u00eancia (COE), estrutura de governan\u00e7a no \u00e2mbito da SES-MG pela qual se executar\u00e3o as medidas de enfrentamento da situa\u00e7\u00e3o de emerg\u00eancia em Sa\u00fade P\u00fablica pelas arboviroses, incluindo monitoramento e gest\u00e3o da emerg\u00eancia.<\/p>\n<p>Em novembro de 2023, a SES-MG publicou a Pol\u00edtica Estadual para Vigil\u00e2ncia, Preven\u00e7\u00e3o e Controle das Arboviroses, que se configura como um conjunto de a\u00e7\u00f5es com a finalidade de prevenir e controlar a ocorr\u00eancia dessas endemias na popula\u00e7\u00e3o e garantir o acesso a servi\u00e7os de sa\u00fade, de forma oportuna, resolutiva, equ\u00e2nime, integral e humanizada, no \u00e2mbito do Sistema \u00danico de Sa\u00fade em Minas Gerais (SUS-MG). Em paralelo, foi publicado o Plano Estadual de Conting\u00eancia para Enfrentamento das Arboviroses com vistas a organizar as a\u00e7\u00f5es de enfrentamento em caso de surtos ou epidemia no estado de Minas Gerais.<\/p>\n<p>A SES-MG tamb\u00e9m d\u00e1 suporte na elabora\u00e7\u00e3o e acompanhamento dos Planos Municipais de Conting\u00eancia (PMC).<\/p>\n<p>Al\u00e9m do monitoramento constante dos casos, incluindo os casos graves, incid\u00eancia e \u00f3bitos, a SES-MG tamb\u00e9m direciona as a\u00e7\u00f5es de controle pelo Levantamento R\u00e1pido de \u00cdndices para Aedes aegypti (LirAa\/LIA), realizado trimestralmente e que aponta, entre outros, o \u00cdndice de Infesta\u00e7\u00e3o Predial pelo Aedes (IIP).<\/p>\n<p>Tamb\u00e9m s\u00e3o promovidas reuni\u00f5es peri\u00f3dicas do Comit\u00ea Estadual de Enfrentamento das Arboviroses para deliberar sobre o cen\u00e1rio epidemiol\u00f3gico no estado e as a\u00e7\u00f5es a serem realizadas por cada eixo que o comp\u00f5e, al\u00e9m de encontros regulares com os Comit\u00eas Regionais de Enfrentamento das Arboviroses, visando o planejamento de a\u00e7\u00f5es e o repasse de orienta\u00e7\u00f5es, e com as Unidades Regionais de Sa\u00fade para alinhamento estrat\u00e9gico. A SES-MG distribui ainda inseticidas e equipamentos para viabilizar as atividades de controle vetorial nos munic\u00edpios.<\/p>\n<p>Fonte: Ag\u00eancia Minas<\/p>\n<\/div>\n<p><\/main><\/p>\n","protected":false},"excerpt":{"rendered":"<p>O\u00a0Governo de Minas\u00a0apresentou as a\u00e7\u00f5es de enfrentamento \u00e0s arboviroses (dengue, zika e chikungunya) nesta sexta-feira (16\/2). A\u00a0Secretaria de Estado de Sa\u00fade de Minas Gerais (SES-MG)\u00a0contabilizou a destina\u00e7\u00e3o de mais de R$ 150 milh\u00f5es a todos os munic\u00edpios do estado no enfrentamento \u00e0s doen\u00e7as provocadas pelo mosquito\u00a0Aedes aegypti, al\u00e9m de promover um Dia D contra arboviroses, [&hellip;]<\/p>\n","protected":false},"author":246,"featured_media":221194,"comment_status":"closed","ping_status":"closed","sticky":false,"template":"","format":"standard","meta":{"footnotes":""},"categories":[436,440,254,439],"tags":[],"class_list":["post-221193","post","type-post","status-publish","format-standard","has-post-thumbnail","hentry","category-destaque-da-semana","category-destaques-do-dia","category-politica","category-ultima-hora"],"_links":{"self":[{"href":"https:\/\/diarioregionaldigital.com.br\/index.php?rest_route=\/wp\/v2\/posts\/221193","targetHints":{"allow":["GET"]}}],"collection":[{"href":"https:\/\/diarioregionaldigital.com.br\/index.php?rest_route=\/wp\/v2\/posts"}],"about":[{"href":"https:\/\/diarioregionaldigital.com.br\/index.php?rest_route=\/wp\/v2\/types\/post"}],"author":[{"embeddable":true,"href":"https:\/\/diarioregionaldigital.com.br\/index.php?rest_route=\/wp\/v2\/users\/246"}],"replies":[{"embeddable":true,"href":"https:\/\/diarioregionaldigital.com.br\/index.php?rest_route=%2Fwp%2Fv2%2Fcomments&post=221193"}],"version-history":[{"count":1,"href":"https:\/\/diarioregionaldigital.com.br\/index.php?rest_route=\/wp\/v2\/posts\/221193\/revisions"}],"predecessor-version":[{"id":221195,"href":"https:\/\/diarioregionaldigital.com.br\/index.php?rest_route=\/wp\/v2\/posts\/221193\/revisions\/221195"}],"wp:featuredmedia":[{"embeddable":true,"href":"https:\/\/diarioregionaldigital.com.br\/index.php?rest_route=\/wp\/v2\/media\/221194"}],"wp:attachment":[{"href":"https:\/\/diarioregionaldigital.com.br\/index.php?rest_route=%2Fwp%2Fv2%2Fmedia&parent=221193"}],"wp:term":[{"taxonomy":"category","embeddable":true,"href":"https:\/\/diarioregionaldigital.com.br\/index.php?rest_route=%2Fwp%2Fv2%2Fcategories&post=221193"},{"taxonomy":"post_tag","embeddable":true,"href":"https:\/\/diarioregionaldigital.com.br\/index.php?rest_route=%2Fwp%2Fv2%2Ftags&post=221193"}],"curies":[{"name":"wp","href":"https:\/\/api.w.org\/{rel}","templated":true}]}}