{"id":221107,"date":"2024-02-08T19:55:19","date_gmt":"2024-02-08T22:55:19","guid":{"rendered":"https:\/\/diarioregionaldigital.com.br\/?p=221107"},"modified":"2024-02-20T02:43:16","modified_gmt":"2024-02-20T05:43:16","slug":"pcmg-deflagra-operacao-thor-de-combate-ao-crime-organizado-em-vicosa","status":"publish","type":"post","link":"https:\/\/diarioregionaldigital.com.br\/?p=221107","title":{"rendered":"PCMG deflagra opera\u00e7\u00e3o Thor de combate ao crime organizado em Vi\u00e7osa"},"content":{"rendered":"<p>A Pol\u00edcia Civil de Minas Gerais (PCMG), com apoio da Pol\u00edcia Militar, deflagrou a opera\u00e7\u00e3o Thor, nesta quinta-feira (8\/2), em combate ao crime organizado na cidade de Vi\u00e7osa, na Zona da Mata.<\/p>\n<p>Coordenada pelo delegado Bruno Mazzini e conduzida pelos delegados Mois\u00e9s Albuquerque e Renato Zanco, a investiga\u00e7\u00e3o resultou no cumprimento de sete mandados de pris\u00e3o, 23 de busca e apreens\u00e3o e na apreens\u00e3o de dois adolescentes. Dois suspeitos tamb\u00e9m foram presos em flagrante.<\/p>\n<p><strong>Resultados<\/strong><\/p>\n<p>Al\u00e9m das pris\u00f5es, foram apreendidas tr\u00eas pistolas, dois rev\u00f3lveres, dois coletes bal\u00edsticos, muni\u00e7\u00f5es de calibre permitido e restrito, carregadores de pistola alongados, celulares, dinheiro, maconha, crack, coca\u00edna, balan\u00e7a de precis\u00e3o e anota\u00e7\u00f5es do tr\u00e1fico de drogas.<\/p>\n<p>Os suspeitos, com idades entre 21 e 44 anos, e os adolescentes, 16 e 17 anos, foram localizados nos bairros Bom Jesus, Estrelas, Santa Clara, S\u00e3o Jos\u00e9, Boa Vista, Arduino Bol\u00edvia e Cidade Nova. Os flagrantes foram ratificados pelos crimes de porte e posse ilegal de arma de fogo de calibre restrito, posse de arma de fogo de calibre permitido e tr\u00e1fico de entorpecentes.<br \/>\nDe acordo com o delegado que coordenou a a\u00e7\u00e3o, Bruno Mazzini, &#8220;O enfrentamento conjunto das for\u00e7as policiais destaca o comprometimento no combate \u00e0 criminalidade, refor\u00e7ando a seguran\u00e7a da comunidade e demonstrando a efici\u00eancia das opera\u00e7\u00f5es coordenadas pela Pol\u00edcia Civil de Minas Gerais&#8221;.<br \/>\nA a\u00e7\u00e3o mobilizou 96 policiais civis, 65 policiais militares, cinco bombeiros militares, 47 viaturas, dois helic\u00f3pteros e c\u00e3es farejadores.<\/p>\n","protected":false},"excerpt":{"rendered":"<p>A Pol\u00edcia Civil de Minas Gerais (PCMG), com apoio da Pol\u00edcia Militar, deflagrou a opera\u00e7\u00e3o Thor, nesta quinta-feira (8\/2), em combate ao crime organizado na cidade de Vi\u00e7osa, na Zona da Mata. Coordenada pelo delegado Bruno Mazzini e conduzida pelos delegados Mois\u00e9s Albuquerque e Renato Zanco, a investiga\u00e7\u00e3o resultou no cumprimento de sete mandados de [&hellip;]<\/p>\n","protected":false},"author":246,"featured_media":221108,"comment_status":"closed","ping_status":"closed","sticky":false,"template":"","format":"standard","meta":{"footnotes":""},"categories":[301],"tags":[],"class_list":["post-221107","post","type-post","status-publish","format-standard","has-post-thumbnail","hentry","category-artigos-policiais"],"_links":{"self":[{"href":"https:\/\/diarioregionaldigital.com.br\/index.php?rest_route=\/wp\/v2\/posts\/221107","targetHints":{"allow":["GET"]}}],"collection":[{"href":"https:\/\/diarioregionaldigital.com.br\/index.php?rest_route=\/wp\/v2\/posts"}],"about":[{"href":"https:\/\/diarioregionaldigital.com.br\/index.php?rest_route=\/wp\/v2\/types\/post"}],"author":[{"embeddable":true,"href":"https:\/\/diarioregionaldigital.com.br\/index.php?rest_route=\/wp\/v2\/users\/246"}],"replies":[{"embeddable":true,"href":"https:\/\/diarioregionaldigital.com.br\/index.php?rest_route=%2Fwp%2Fv2%2Fcomments&post=221107"}],"version-history":[{"count":2,"href":"https:\/\/diarioregionaldigital.com.br\/index.php?rest_route=\/wp\/v2\/posts\/221107\/revisions"}],"predecessor-version":[{"id":221240,"href":"https:\/\/diarioregionaldigital.com.br\/index.php?rest_route=\/wp\/v2\/posts\/221107\/revisions\/221240"}],"wp:featuredmedia":[{"embeddable":true,"href":"https:\/\/diarioregionaldigital.com.br\/index.php?rest_route=\/wp\/v2\/media\/221108"}],"wp:attachment":[{"href":"https:\/\/diarioregionaldigital.com.br\/index.php?rest_route=%2Fwp%2Fv2%2Fmedia&parent=221107"}],"wp:term":[{"taxonomy":"category","embeddable":true,"href":"https:\/\/diarioregionaldigital.com.br\/index.php?rest_route=%2Fwp%2Fv2%2Fcategories&post=221107"},{"taxonomy":"post_tag","embeddable":true,"href":"https:\/\/diarioregionaldigital.com.br\/index.php?rest_route=%2Fwp%2Fv2%2Ftags&post=221107"}],"curies":[{"name":"wp","href":"https:\/\/api.w.org\/{rel}","templated":true}]}}