{"id":221104,"date":"2024-02-08T19:52:44","date_gmt":"2024-02-08T22:52:44","guid":{"rendered":"https:\/\/diarioregionaldigital.com.br\/?p=221104"},"modified":"2024-02-08T19:52:44","modified_gmt":"2024-02-08T22:52:44","slug":"diretores-das-escolas-municipais-participam-na-sede-da-se-da-primeira-reuniao-em-2024","status":"publish","type":"post","link":"https:\/\/diarioregionaldigital.com.br\/?p=221104","title":{"rendered":"Diretores das escolas municipais participam na sede da SE da primeira reuni\u00e3o em 2024"},"content":{"rendered":"<p>Segundo informa\u00e7\u00f5es do site da Prefeitura de Juiz de Fora (PJF), na manh\u00e3 desta quarta-feira, 7, foi realizada a primeira reuni\u00e3o ordin\u00e1ria da Secretaria de Educa\u00e7\u00e3o (SE) da Prefeitura de Juiz de Fora (PJF) com as dire\u00e7\u00f5es das escolas da rede municipal. O evento faz parte do calend\u00e1rio escolar e \u00e9 uma oportunidade de abordar quest\u00f5es pedag\u00f3gicas e apontar diretrizes sobre os temas mais relevantes do ano letivo.<\/p>\n<div id=\"box_texto_noticia\">\n<p>Para o encontro presencial, os diretores foram organizados em dois grupos: pela manh\u00e3, participaram as escolas acompanhadas pelo Departamento de Educa\u00e7\u00e3o Infantil (DEI) e pela Supervis\u00e3o de Anos Iniciais (SAI) da SE; \u00e0 tarde, as escolas acompanhadas pelas Supervis\u00f5es dos Anos Finais (SAFI) e da Educa\u00e7\u00e3o de Jovens e Adultos (SEJA). Alguns dos participantes estiveram pela primeira vez na nova sede da SE, um espa\u00e7o mais arejado, acess\u00edvel e mais qualificado para o atendimento \u00e0s escolas, \u00e0s creches parceiras e \u00e0 popula\u00e7\u00e3o em geral.<\/p>\n<p>Al\u00e9m de assuntos espec\u00edficos da Educa\u00e7\u00e3o, como o Projeto Pol\u00edtico Pedag\u00f3gico das escolas, as Salas de Leitura, a atua\u00e7\u00e3o dos profissionais formadores em Tecnologias Digitais da Informa\u00e7\u00e3o e Comunica\u00e7\u00e3o (TDICs) e a organiza\u00e7\u00e3o das aulas de Artes nas diversas linguagens art\u00edsticas, a reuni\u00e3o contou com a participa\u00e7\u00e3o de representantes da Secretaria de Sa\u00fade (SS), que apresentaram orienta\u00e7\u00f5es para o enfrentamento das arboviroses (doen\u00e7as transmitidas por mosquitos), em especial da dengue, e da Secretaria da Fazenda (SF), respons\u00e1vel pela presta\u00e7\u00e3o de contas das escolas municipais e das creches parceiras.<\/p>\n<p>&#8220;As reuni\u00f5es foram \u00f3timas, produtivas. Uma pauta extensa, com assuntos importantes para as escolas neste in\u00edcio de ano letivo. E fechamos o dia com chave de ouro, recebendo retornos bem positivos das dire\u00e7\u00f5es em rela\u00e7\u00e3o \u00e0 chegada dos profissionais efetivados no Concurso P\u00fablico do Magist\u00e9rio Municipal&#8221;, destaca a Secret\u00e1ria de Educa\u00e7\u00e3o, N\u00e1dia Ribas.<\/p>\n<\/div>\n<p>&nbsp;<\/p>\n<div id=\"box_compartilhar\" align=\"right\"><\/div>\n","protected":false},"excerpt":{"rendered":"<p>Segundo informa\u00e7\u00f5es do site da Prefeitura de Juiz de Fora (PJF), na manh\u00e3 desta quarta-feira, 7, foi realizada a primeira reuni\u00e3o ordin\u00e1ria da Secretaria de Educa\u00e7\u00e3o (SE) da Prefeitura de Juiz de Fora (PJF) com as dire\u00e7\u00f5es das escolas da rede municipal. O evento faz parte do calend\u00e1rio escolar e \u00e9 uma oportunidade de abordar [&hellip;]<\/p>\n","protected":false},"author":246,"featured_media":221105,"comment_status":"closed","ping_status":"closed","sticky":false,"template":"","format":"standard","meta":{"footnotes":""},"categories":[253,436,439],"tags":[],"class_list":["post-221104","post","type-post","status-publish","format-standard","has-post-thumbnail","hentry","category-cidade","category-destaque-da-semana","category-ultima-hora"],"_links":{"self":[{"href":"https:\/\/diarioregionaldigital.com.br\/index.php?rest_route=\/wp\/v2\/posts\/221104","targetHints":{"allow":["GET"]}}],"collection":[{"href":"https:\/\/diarioregionaldigital.com.br\/index.php?rest_route=\/wp\/v2\/posts"}],"about":[{"href":"https:\/\/diarioregionaldigital.com.br\/index.php?rest_route=\/wp\/v2\/types\/post"}],"author":[{"embeddable":true,"href":"https:\/\/diarioregionaldigital.com.br\/index.php?rest_route=\/wp\/v2\/users\/246"}],"replies":[{"embeddable":true,"href":"https:\/\/diarioregionaldigital.com.br\/index.php?rest_route=%2Fwp%2Fv2%2Fcomments&post=221104"}],"version-history":[{"count":1,"href":"https:\/\/diarioregionaldigital.com.br\/index.php?rest_route=\/wp\/v2\/posts\/221104\/revisions"}],"predecessor-version":[{"id":221106,"href":"https:\/\/diarioregionaldigital.com.br\/index.php?rest_route=\/wp\/v2\/posts\/221104\/revisions\/221106"}],"wp:featuredmedia":[{"embeddable":true,"href":"https:\/\/diarioregionaldigital.com.br\/index.php?rest_route=\/wp\/v2\/media\/221105"}],"wp:attachment":[{"href":"https:\/\/diarioregionaldigital.com.br\/index.php?rest_route=%2Fwp%2Fv2%2Fmedia&parent=221104"}],"wp:term":[{"taxonomy":"category","embeddable":true,"href":"https:\/\/diarioregionaldigital.com.br\/index.php?rest_route=%2Fwp%2Fv2%2Fcategories&post=221104"},{"taxonomy":"post_tag","embeddable":true,"href":"https:\/\/diarioregionaldigital.com.br\/index.php?rest_route=%2Fwp%2Fv2%2Ftags&post=221104"}],"curies":[{"name":"wp","href":"https:\/\/api.w.org\/{rel}","templated":true}]}}