{"id":221045,"date":"2024-02-06T01:24:33","date_gmt":"2024-02-06T04:24:33","guid":{"rendered":"https:\/\/diarioregionaldigital.com.br\/?p=221045"},"modified":"2024-02-06T01:24:33","modified_gmt":"2024-02-06T04:24:33","slug":"prefeitura-municipal-de-descoberto-mg-06-02-2024","status":"publish","type":"post","link":"https:\/\/diarioregionaldigital.com.br\/?p=221045","title":{"rendered":"PREFEITURA MUNICIPAL DE DESCOBERTO &#8211; MG &#8211; 06\/02\/2024"},"content":{"rendered":"<p style=\"text-align: center;\">\n<p>PROCESSO N\u00ba 011\/2024<\/p>\n<p>AVISO DE DISPENSA PRESENCIAL N\u00ba 003\/2024<br \/>\nCONTRATANTE: Prefeitura Municipal de Descoberto \u2013 MG. OBJETO: A presente Licita\u00e7\u00e3o tem por objeto a contrata\u00e7\u00e3o de empresa para fornecimento peri\u00f3dico de pacotes de sacos de lixo para o setor de Meio Ambiente, Saneamento e Agropecu\u00e1ria da Prefeitura Municipal de Descoberto. VALOR TOTAL ESTIMADO DA CONTRATA\u00c7\u00c3O: R$ 10.920,00 (dez mil, novecentos e vinte reais).<br \/>\nDATA DE ENTREGA DAS PROPOSTAS: 27\/02\/2024 13:30 horas<br \/>\nDATA DA SESS\u00c3O DE LANCES: 27\/02\/2024 \u2013 13:30 horas<br \/>\nLOCAL DA ENTREGA DAS PROPOSTAS E DA SESS\u00c3O DE LANCES: Sala de Licita\u00e7\u00f5es da Prefeitura, estabelecida na rua Capit\u00e3o Bas\u00edlio, n\u00ba 39 \u2013 Centro, Descoberto-MG.<br \/>\nLINK PARA ACESSO AO AVISO DE CONTRATA\u00c7\u00c3O: http:\/\/www.descoberto.mg.gov.br\/<br \/>\nPREFER\u00caNCIA ME\/EPP\/EQUIPARADAS: SIM<\/p>\n<p>Descoberto, 06 de Fevereiro de 2024.<\/p>\n","protected":false},"excerpt":{"rendered":"<p>PROCESSO N\u00ba 011\/2024 AVISO DE DISPENSA PRESENCIAL N\u00ba 003\/2024 CONTRATANTE: Prefeitura Municipal de Descoberto \u2013 MG. OBJETO: A presente Licita\u00e7\u00e3o tem por objeto a contrata\u00e7\u00e3o de empresa para fornecimento peri\u00f3dico de pacotes de sacos de lixo para o setor de Meio Ambiente, Saneamento e Agropecu\u00e1ria da Prefeitura Municipal de Descoberto. VALOR TOTAL ESTIMADO DA CONTRATA\u00c7\u00c3O: [&hellip;]<\/p>\n","protected":false},"author":246,"featured_media":0,"comment_status":"closed","ping_status":"closed","sticky":false,"template":"","format":"standard","meta":{"footnotes":""},"categories":[307],"tags":[],"class_list":["post-221045","post","type-post","status-publish","format-standard","hentry","category-editais"],"_links":{"self":[{"href":"https:\/\/diarioregionaldigital.com.br\/index.php?rest_route=\/wp\/v2\/posts\/221045","targetHints":{"allow":["GET"]}}],"collection":[{"href":"https:\/\/diarioregionaldigital.com.br\/index.php?rest_route=\/wp\/v2\/posts"}],"about":[{"href":"https:\/\/diarioregionaldigital.com.br\/index.php?rest_route=\/wp\/v2\/types\/post"}],"author":[{"embeddable":true,"href":"https:\/\/diarioregionaldigital.com.br\/index.php?rest_route=\/wp\/v2\/users\/246"}],"replies":[{"embeddable":true,"href":"https:\/\/diarioregionaldigital.com.br\/index.php?rest_route=%2Fwp%2Fv2%2Fcomments&post=221045"}],"version-history":[{"count":1,"href":"https:\/\/diarioregionaldigital.com.br\/index.php?rest_route=\/wp\/v2\/posts\/221045\/revisions"}],"predecessor-version":[{"id":221046,"href":"https:\/\/diarioregionaldigital.com.br\/index.php?rest_route=\/wp\/v2\/posts\/221045\/revisions\/221046"}],"wp:attachment":[{"href":"https:\/\/diarioregionaldigital.com.br\/index.php?rest_route=%2Fwp%2Fv2%2Fmedia&parent=221045"}],"wp:term":[{"taxonomy":"category","embeddable":true,"href":"https:\/\/diarioregionaldigital.com.br\/index.php?rest_route=%2Fwp%2Fv2%2Fcategories&post=221045"},{"taxonomy":"post_tag","embeddable":true,"href":"https:\/\/diarioregionaldigital.com.br\/index.php?rest_route=%2Fwp%2Fv2%2Ftags&post=221045"}],"curies":[{"name":"wp","href":"https:\/\/api.w.org\/{rel}","templated":true}]}}