{"id":221041,"date":"2024-02-06T01:19:25","date_gmt":"2024-02-06T04:19:25","guid":{"rendered":"https:\/\/diarioregionaldigital.com.br\/?p=221041"},"modified":"2024-02-06T01:25:38","modified_gmt":"2024-02-06T04:25:38","slug":"programa-boniteza-alcanca-11-bairros-com-operacao-de-capina-na-ultima-semana","status":"publish","type":"post","link":"https:\/\/diarioregionaldigital.com.br\/?p=221041","title":{"rendered":"Programa Boniteza alcan\u00e7a 11 bairros com opera\u00e7\u00e3o de capina na \u00faltima semana"},"content":{"rendered":"<p>Segundo informa\u00e7\u00f5es do site da Prefeitura de Juiz de Fora (PJF), o<span style=\"color: #333333; font-size: 16px;\">\u00a0Departamento Municipal de Limpeza Urbana (Demlurb) da Prefeitura de Juiz de Fora (PJF) realizou opera\u00e7\u00e3o de capina em 11 bairros no per\u00edodo de 29 de janeiro a 4 de fevereiro. No total, seis regi\u00f5es de planejamento do munic\u00edpio foram contempladas pela zeladoria do Programa Boniteza.\u00a0<\/span><\/p>\n<div id=\"box_texto_noticia\">\n<div>Na \u00faltima semana, os destaques do Demlurb tamb\u00e9m foram as limpezas de tr\u00eas escad\u00f5es localizados nos bairros Santa Rita de C\u00e1ssia e Marumbi. As a\u00e7\u00f5es de preven\u00e7\u00e3o com limpeza dos cursos d\u2019agua seguiram na programa\u00e7\u00e3o com opera\u00e7\u00f5es no c\u00f3rrego do Bom Clima e nas margens do Rio Paraibuna. Ademais, tamb\u00e9m ocorreram as atividades permanentes de recolhimento de res\u00edduos no combate \u00e0s arboviroses junto a equipe de zoonoses da Secretaria de Sa\u00fade (SS).<\/div>\n<div>\n<p>Outras atividades de rotina de zeladoria do Demlurb como lava\u00e7\u00e3o, varri\u00e7\u00e3o e recolhimento tamb\u00e9m foram realizadas neste per\u00edodo. A programa\u00e7\u00e3o di\u00e1ria pode ser conferida no Portal PJF atrav\u00e9s do Gabinete de A\u00e7\u00e3o e Di\u00e1logo Comunit\u00e1rio (GADC). Para solicitar servi\u00e7os, o contato deve ser feito por WhatsApp ou liga\u00e7\u00e3o para o GADC em (32) 3690-7241.<\/p>\n<p><strong>Confira os bairros que receberam capina:<\/strong><\/p>\n<\/div>\n<p>Aeroporto<\/p>\n<p>Cer\u00e2mica<\/p>\n<p>Furtado De Menezes<\/p>\n<p>Grama<\/p>\n<p>Ipiranga<\/p>\n<p>Linhares<\/p>\n<p>Nova Germania<\/p>\n<p>Paineiras<\/p>\n<p>Santa Efig\u00eania<\/p>\n<p>Santa Helena<\/p>\n<p>Santos Anjos<\/p>\n<\/div>\n<p>&nbsp;<\/p>\n<div id=\"box_compartilhar\" align=\"right\"><\/div>\n","protected":false},"excerpt":{"rendered":"<p>Segundo informa\u00e7\u00f5es do site da Prefeitura de Juiz de Fora (PJF), o\u00a0Departamento Municipal de Limpeza Urbana (Demlurb) da Prefeitura de Juiz de Fora (PJF) realizou opera\u00e7\u00e3o de capina em 11 bairros no per\u00edodo de 29 de janeiro a 4 de fevereiro. No total, seis regi\u00f5es de planejamento do munic\u00edpio foram contempladas pela zeladoria do Programa [&hellip;]<\/p>\n","protected":false},"author":246,"featured_media":221042,"comment_status":"closed","ping_status":"closed","sticky":false,"template":"","format":"standard","meta":{"footnotes":""},"categories":[253,436,439],"tags":[],"class_list":["post-221041","post","type-post","status-publish","format-standard","has-post-thumbnail","hentry","category-cidade","category-destaque-da-semana","category-ultima-hora"],"_links":{"self":[{"href":"https:\/\/diarioregionaldigital.com.br\/index.php?rest_route=\/wp\/v2\/posts\/221041","targetHints":{"allow":["GET"]}}],"collection":[{"href":"https:\/\/diarioregionaldigital.com.br\/index.php?rest_route=\/wp\/v2\/posts"}],"about":[{"href":"https:\/\/diarioregionaldigital.com.br\/index.php?rest_route=\/wp\/v2\/types\/post"}],"author":[{"embeddable":true,"href":"https:\/\/diarioregionaldigital.com.br\/index.php?rest_route=\/wp\/v2\/users\/246"}],"replies":[{"embeddable":true,"href":"https:\/\/diarioregionaldigital.com.br\/index.php?rest_route=%2Fwp%2Fv2%2Fcomments&post=221041"}],"version-history":[{"count":2,"href":"https:\/\/diarioregionaldigital.com.br\/index.php?rest_route=\/wp\/v2\/posts\/221041\/revisions"}],"predecessor-version":[{"id":221044,"href":"https:\/\/diarioregionaldigital.com.br\/index.php?rest_route=\/wp\/v2\/posts\/221041\/revisions\/221044"}],"wp:featuredmedia":[{"embeddable":true,"href":"https:\/\/diarioregionaldigital.com.br\/index.php?rest_route=\/wp\/v2\/media\/221042"}],"wp:attachment":[{"href":"https:\/\/diarioregionaldigital.com.br\/index.php?rest_route=%2Fwp%2Fv2%2Fmedia&parent=221041"}],"wp:term":[{"taxonomy":"category","embeddable":true,"href":"https:\/\/diarioregionaldigital.com.br\/index.php?rest_route=%2Fwp%2Fv2%2Fcategories&post=221041"},{"taxonomy":"post_tag","embeddable":true,"href":"https:\/\/diarioregionaldigital.com.br\/index.php?rest_route=%2Fwp%2Fv2%2Ftags&post=221041"}],"curies":[{"name":"wp","href":"https:\/\/api.w.org\/{rel}","templated":true}]}}