{"id":221033,"date":"2024-02-06T01:15:51","date_gmt":"2024-02-06T04:15:51","guid":{"rendered":"https:\/\/diarioregionaldigital.com.br\/?p=221033"},"modified":"2024-02-06T01:16:14","modified_gmt":"2024-02-06T04:16:14","slug":"demlurb-divulga-a-lista-de-classificacao-preliminar-dos-candidatos-do-processo-seletivo-simplificado-2024","status":"publish","type":"post","link":"https:\/\/diarioregionaldigital.com.br\/?p=221033","title":{"rendered":"Demlurb divulga a lista de classifica\u00e7\u00e3o preliminar dos candidatos do processo seletivo simplificado 2024"},"content":{"rendered":"<p>Segundo informa\u00e7\u00f5es do site da Prefeitura de Juiz de Fora (PJF), o\u00a0Departamento Municipal de Limpeza Urbana (Demlurb) da Prefeitura de Juiz de Fora (PJF) divulga a lista de classifica\u00e7\u00e3o preliminar dos candidatos do processo seletivo simplificado de 2024. A listagem pode ser conferida no <a href=\"https:\/\/demlurb.pjf.mg.gov.br\/editais.php\">site do Demlurb<\/a>.<\/p>\n<p>As vagas s\u00e3o para contrata\u00e7\u00f5es tempor\u00e1rias, destinadas aos cargos de Auxiliar de Servi\u00e7os, Motorista de Ve\u00edculo Pesado I e Operador de M\u00e1quina I<\/p>\n<p><strong>Prazo para pedido de recurso<br \/>\n<\/strong><br \/>\nNa ter\u00e7a-feira, 6, e quarta-feira, 7, estar\u00e1 aberto o prazo para pedido de recurso. No anexo III de cada edital est\u00e1 dispon\u00edvel o Modelo de Ficha de Recurso que deve ser impresso e preenchido pelo candidato. O atendimento para recebimento do documento ser\u00e1 realizado de 8h \u00e0s 17h na Sede Administrativa do Demlurb, localizada na Av. Francisco Valadares, 1000, Vila Ideal. A resposta do recurso ser\u00e1 encaminhada para o e-mail cadastrado pelo candidato no momento da inscri\u00e7\u00e3o ou pode ser retirado na Sede Administrativa.<\/p>\n<div><\/div>\n","protected":false},"excerpt":{"rendered":"<p>Segundo informa\u00e7\u00f5es do site da Prefeitura de Juiz de Fora (PJF), o\u00a0Departamento Municipal de Limpeza Urbana (Demlurb) da Prefeitura de Juiz de Fora (PJF) divulga a lista de classifica\u00e7\u00e3o preliminar dos candidatos do processo seletivo simplificado de 2024. A listagem pode ser conferida no site do Demlurb. As vagas s\u00e3o para contrata\u00e7\u00f5es tempor\u00e1rias, destinadas aos [&hellip;]<\/p>\n","protected":false},"author":246,"featured_media":221034,"comment_status":"closed","ping_status":"closed","sticky":false,"template":"","format":"standard","meta":{"footnotes":""},"categories":[253,436,439],"tags":[],"class_list":["post-221033","post","type-post","status-publish","format-standard","has-post-thumbnail","hentry","category-cidade","category-destaque-da-semana","category-ultima-hora"],"_links":{"self":[{"href":"https:\/\/diarioregionaldigital.com.br\/index.php?rest_route=\/wp\/v2\/posts\/221033","targetHints":{"allow":["GET"]}}],"collection":[{"href":"https:\/\/diarioregionaldigital.com.br\/index.php?rest_route=\/wp\/v2\/posts"}],"about":[{"href":"https:\/\/diarioregionaldigital.com.br\/index.php?rest_route=\/wp\/v2\/types\/post"}],"author":[{"embeddable":true,"href":"https:\/\/diarioregionaldigital.com.br\/index.php?rest_route=\/wp\/v2\/users\/246"}],"replies":[{"embeddable":true,"href":"https:\/\/diarioregionaldigital.com.br\/index.php?rest_route=%2Fwp%2Fv2%2Fcomments&post=221033"}],"version-history":[{"count":2,"href":"https:\/\/diarioregionaldigital.com.br\/index.php?rest_route=\/wp\/v2\/posts\/221033\/revisions"}],"predecessor-version":[{"id":221036,"href":"https:\/\/diarioregionaldigital.com.br\/index.php?rest_route=\/wp\/v2\/posts\/221033\/revisions\/221036"}],"wp:featuredmedia":[{"embeddable":true,"href":"https:\/\/diarioregionaldigital.com.br\/index.php?rest_route=\/wp\/v2\/media\/221034"}],"wp:attachment":[{"href":"https:\/\/diarioregionaldigital.com.br\/index.php?rest_route=%2Fwp%2Fv2%2Fmedia&parent=221033"}],"wp:term":[{"taxonomy":"category","embeddable":true,"href":"https:\/\/diarioregionaldigital.com.br\/index.php?rest_route=%2Fwp%2Fv2%2Fcategories&post=221033"},{"taxonomy":"post_tag","embeddable":true,"href":"https:\/\/diarioregionaldigital.com.br\/index.php?rest_route=%2Fwp%2Fv2%2Ftags&post=221033"}],"curies":[{"name":"wp","href":"https:\/\/api.w.org\/{rel}","templated":true}]}}