{"id":221014,"date":"2024-02-05T20:37:48","date_gmt":"2024-02-05T23:37:48","guid":{"rendered":"https:\/\/diarioregionaldigital.com.br\/?p=221014"},"modified":"2024-02-05T20:43:29","modified_gmt":"2024-02-05T23:43:29","slug":"pre-carnaval-de-jf-confira-a-agenda-de-blocos-entre-terca-e-quinta-feira","status":"publish","type":"post","link":"https:\/\/diarioregionaldigital.com.br\/?p=221014","title":{"rendered":"Pr\u00e9-carnaval de JF: Confira a agenda de blocos entre ter\u00e7a e quinta-feira"},"content":{"rendered":"<p>Segundo informa\u00e7\u00f5es do site da Prefeitura de Juiz de Fora (PJF),<\/p>\n<p>Dando continuidade \u00e0 folia de rua de Juiz de Fora, nove blocos desfilam entre ter\u00e7a-feira, 6, e quinta-feira, 8, no Centro e nos bairros S\u00e3o Mateus e Alto dos Passos.<\/p>\n<p>Fundado em 2009, o Bloco do Batom promete muita anima\u00e7\u00e3o com o enredo \u201c15 Anos de Folia\u201d, ao som de uma bateria com 25 ritmistas. O desfile acontece na ter\u00e7a-feira, 6, com concentra\u00e7\u00e3o no Parque Halfeld, \u00e0s 19h.<\/p>\n<p>Estreando no pr\u00e9-carnaval de Juiz de Fora, o Bloco do Professor Guilherme foi criado a partir das comemora\u00e7\u00f5es do docente de medicina, que anualmente reunia amigos e alunos para festejar seu anivers\u00e1rio. O n\u00famero de convidados foi crescendo, e acabou surgindo a ideia de transformar a festa fechada em um bloco que, na edi\u00e7\u00e3o de estreia, acontece na quarta, a partir das 15h, na Rua Moraes e Castro, entre as ruas Belmiro Braga e Dom Silv\u00e9rio, no Alto dos Passos. A playlist inclui samba, pagode, ax\u00e9 e m\u00fasica eletr\u00f4nica, com anima\u00e7\u00e3o do Grupo Bombocado e do DJ Ivow.<\/p>\n<p>Em sua terceira edi\u00e7\u00e3o, o Bloco da Sa\u00fade est\u00e1 agendado para quarta-feira, 7, \u00e0s 18h, e vai prestar homenagem ao carnavalesco Marcelo Barra, com 35 ritmistas na bateria. \u201cGentileza gera gentileza, traz harmonia e paz\u201d \u00e9 o enredo do Bloco dos Carteiros para este carnaval. O desfile, que ter\u00e1 a bateria Cad\u00eancia Explosiva, acontece tamb\u00e9m na quarta, \u00e0s 20h.<\/p>\n<p>O Bloco do Zezinho ter\u00e1 a segunda edi\u00e7\u00e3o na quarta, a partir das 17h, na Rua Moraes e Castro, com anima\u00e7\u00e3o do grupo formado no bar hom\u00f4nimo e um repert\u00f3rio de samba e pagode. Em seu terceiro desfile, o Bloco Irm\u00e3os Metralha sai no dia 8, \u00e0s 18h, com o enredo \u201cTudo de bom, tudo de bar &#8211; Totonho\u201d, uma homenagem ao tradicional comerciante de Juiz de Fora. A anima\u00e7\u00e3o \u00e9 com a bateria da Escola de Samba Partido Alto.<\/p>\n<p>J\u00e1 o 22\u00ba desfile do Pagod\u00e3o dos Clubes est\u00e1 agendado para quinta, \u00e0s 20h, com o tema \u201cDavid Chaves, o \u00faltimo imperador do samba\u201d, ao som de 35 ritmistas. Na quinta-feira, tamb\u00e9m desfilam os blocos Recordar \u00e9 Viver e Loucomotiva.<\/p>\n<p><strong>Programa\u00e7\u00e3o<\/strong><\/p>\n<p><strong>06\/02 | Ter\u00e7a-feira<\/strong><\/p>\n<p>&#8211; 19h \u2013 Bloco do Batom \u2013 Concentra\u00e7\u00e3o Parque Halfeld &#8211; Centro<br \/>\n<strong>07\/02 | Quarta-feira<\/strong><\/p>\n<p>&#8211; 15h \u2013 Bloco do Professor Guilherme \u2013 Concentra\u00e7\u00e3o: Rua Moraes e Castro \u2013 Alto dos Passos<\/p>\n<p>&#8211; 18h \u2013 Bloco da Sa\u00fade \u2013 Concentra\u00e7\u00e3o: Parque Halfeld<\/p>\n<p>&#8211; 20h &#8211; Bloco dos Carteiros \u2013 Concentra\u00e7\u00e3o: Parque Halfeld<\/p>\n<p><strong>08\/02 | Quinta-feira<\/strong><\/p>\n<p>&#8211; 13h \u2013 Loucomotiva \u2013 Concentra\u00e7\u00e3o: Parque Halfeld \u2013 Centro<\/p>\n<p>&#8211; 16h30 \u2013 Recordar \u00e9 Viver \u2013 Concentra\u00e7\u00e3o: Pra\u00e7a Ant\u00f4nio Carlos \u2013 Centro<\/p>\n<p>&#8211; 17h \u2013 Bloco do Zezinho \u2013 Concentra\u00e7\u00e3o: Rua Moraes e Castro, 515 \u2013 S\u00e3o Mateus<br \/>\n&#8211; 18h \u2013 Irm\u00e3os Metralha &#8211; Concentra\u00e7\u00e3o: Parque Halfeld \u2013 Centro<\/p>\n<p>&#8211; 20h \u2013 Pagod\u00e3o dos Clubes &#8211; Concentra\u00e7\u00e3o: Rua Halfeld 651 \u2013 Centro<\/p>\n<p>&nbsp;<\/p>\n","protected":false},"excerpt":{"rendered":"<p>Segundo informa\u00e7\u00f5es do site da Prefeitura de Juiz de Fora (PJF), Dando continuidade \u00e0 folia de rua de Juiz de Fora, nove blocos desfilam entre ter\u00e7a-feira, 6, e quinta-feira, 8, no Centro e nos bairros S\u00e3o Mateus e Alto dos Passos. Fundado em 2009, o Bloco do Batom promete muita anima\u00e7\u00e3o com o enredo \u201c15 [&hellip;]<\/p>\n","protected":false},"author":246,"featured_media":221017,"comment_status":"closed","ping_status":"closed","sticky":false,"template":"","format":"standard","meta":{"footnotes":""},"categories":[253,436,440,439],"tags":[],"class_list":["post-221014","post","type-post","status-publish","format-standard","has-post-thumbnail","hentry","category-cidade","category-destaque-da-semana","category-destaques-do-dia","category-ultima-hora"],"_links":{"self":[{"href":"https:\/\/diarioregionaldigital.com.br\/index.php?rest_route=\/wp\/v2\/posts\/221014","targetHints":{"allow":["GET"]}}],"collection":[{"href":"https:\/\/diarioregionaldigital.com.br\/index.php?rest_route=\/wp\/v2\/posts"}],"about":[{"href":"https:\/\/diarioregionaldigital.com.br\/index.php?rest_route=\/wp\/v2\/types\/post"}],"author":[{"embeddable":true,"href":"https:\/\/diarioregionaldigital.com.br\/index.php?rest_route=\/wp\/v2\/users\/246"}],"replies":[{"embeddable":true,"href":"https:\/\/diarioregionaldigital.com.br\/index.php?rest_route=%2Fwp%2Fv2%2Fcomments&post=221014"}],"version-history":[{"count":1,"href":"https:\/\/diarioregionaldigital.com.br\/index.php?rest_route=\/wp\/v2\/posts\/221014\/revisions"}],"predecessor-version":[{"id":221016,"href":"https:\/\/diarioregionaldigital.com.br\/index.php?rest_route=\/wp\/v2\/posts\/221014\/revisions\/221016"}],"wp:featuredmedia":[{"embeddable":true,"href":"https:\/\/diarioregionaldigital.com.br\/index.php?rest_route=\/wp\/v2\/media\/221017"}],"wp:attachment":[{"href":"https:\/\/diarioregionaldigital.com.br\/index.php?rest_route=%2Fwp%2Fv2%2Fmedia&parent=221014"}],"wp:term":[{"taxonomy":"category","embeddable":true,"href":"https:\/\/diarioregionaldigital.com.br\/index.php?rest_route=%2Fwp%2Fv2%2Fcategories&post=221014"},{"taxonomy":"post_tag","embeddable":true,"href":"https:\/\/diarioregionaldigital.com.br\/index.php?rest_route=%2Fwp%2Fv2%2Ftags&post=221014"}],"curies":[{"name":"wp","href":"https:\/\/api.w.org\/{rel}","templated":true}]}}