{"id":221005,"date":"2024-02-05T20:29:39","date_gmt":"2024-02-05T23:29:39","guid":{"rendered":"https:\/\/diarioregionaldigital.com.br\/?p=221005"},"modified":"2024-02-05T20:29:39","modified_gmt":"2024-02-05T23:29:39","slug":"haddad-pede-ao-congresso-consciencia-para-responsabilidade-fiscal","status":"publish","type":"post","link":"https:\/\/diarioregionaldigital.com.br\/?p=221005","title":{"rendered":"Haddad pede ao Congresso consci\u00eancia para responsabilidade fiscal"},"content":{"rendered":"<p>O ministro da Fazenda, Fernando Haddad, pediu nesta segunda-feira (5) que o Congresso Nacional tenha consci\u00eancia da Lei de Responsabilidade Fiscal ao\u00a0<a href=\"https:\/\/agenciabrasil.ebc.com.br\/politica\/noticia\/2023-12\/pacheco-pretende-reunir-lideres-para-analisar-mp-da-desoneracao\" target=\"_blank\" rel=\"noopener\">discutir qual ser\u00e1 a aprecia\u00e7\u00e3o da medida provis\u00f3ria da reonera\u00e7\u00e3o<\/a>\u00a0da folha de pagamento de empresas tidas como grandes empregadoras.\u00a0<img decoding=\"async\" src=\"https:\/\/agenciabrasil.ebc.com.br\/ebc.png?id=1579454&amp;o=node\" \/><img decoding=\"async\" src=\"https:\/\/agenciabrasil.ebc.com.br\/ebc.gif?id=1579454&amp;o=node\" \/><\/p>\n<p>As declara\u00e7\u00f5es foram na sa\u00edda de um evento com economistas, na sede do Instituto Brasileiro de Economia da Funda\u00e7\u00e3o Getulio Vargas (Ibre-FGV), no Rio de Janeiro.<\/p>\n<p>A MP editada pelo governo prev\u00ea reonera\u00e7\u00e3o gradual de impostos em 17 setores da economia. No fim do ano passado, o\u00a0<a href=\"https:\/\/agenciabrasil.ebc.com.br\/economia\/noticia\/2023-10\/senado-aprova-desoneracao-da-folha-de-pagamentos-de-17-setores\" target=\"_blank\" rel=\"noopener\">Congresso tinha aprovado a prorroga\u00e7\u00e3o da isen\u00e7\u00e3o de impostos<\/a>\u00a0para essas empresas por mais 4 anos, mas o\u00a0<a href=\"https:\/\/agenciabrasil.ebc.com.br\/economia\/noticia\/2023-11\/lula-veta-prorrogacao-desoneracao-da-folha-de-pagamento\" target=\"_blank\" rel=\"noopener\">presidente Luiz In\u00e1cio Lula da Silva vetou a medida<\/a>. Em seguida,\u00a0<a href=\"https:\/\/agenciabrasil.ebc.com.br\/politica\/noticia\/2023-12\/congresso-derruba-veto-desoneracao-da-folha-de-17-setores-economicos\" target=\"_blank\" rel=\"noopener\">Congresso derrubou o veto presidencial<\/a>.<\/p>\n<p>O tema \u00e9 uma das prioridades do Congresso, que retoma as atividades nesta segunda-feira, ap\u00f3s o recesso legislativo. O presidente do Senado, Rodrigo Pacheco (PSD-MG), tem defendido uma solu\u00e7\u00e3o negociada para a MP da reonera\u00e7\u00e3o da folha.<\/p>\n<h2>D\u00e9ficit zero<\/h2>\n<p>Para o governo, a volta da onera\u00e7\u00e3o \u00e9 um dos caminhos para aumentar a arrecada\u00e7\u00e3o e perseguir a redu\u00e7\u00e3o do d\u00e9ficit p\u00fablico. \u201cN\u00f3s vamos sentar com os l\u00edderes e abrir os n\u00fameros. O importante, neste momento, \u00e9 que o Congresso tome consci\u00eancia dos n\u00fameros do or\u00e7amento aprovado ano passado\u201d, disse Haddad.<\/p>\n<p>O ministro explicou que a decis\u00e3o dos parlamentares precisa estar de acordo com a Lei de Responsabilidade Fiscal. \u201cPrecisamos que qualquer gesto do Congresso na dire\u00e7\u00e3o de um setor da economia seja compensado por medidas que equilibrem o or\u00e7amento\u201d, afirmou.<\/p>\n<p>\u201cN\u00f3s temos que ter essa clareza de que tem uma lei complementar \u00e0 qual as leis ordin\u00e1rias est\u00e3o subordinadas. \u00c9 o caso da LDO [Lei de Diretrizes Or\u00e7ament\u00e1rias], \u00e9 o caso da Lei Or\u00e7ament\u00e1ria\u201d, completou.<\/p>\n<p>O ministro da Fazenda manifestou que h\u00e1 abertura no governo para ajustes. \u201cSe o Congresso entender que h\u00e1 outras alternativas a serem consideradas, obviamente n\u00f3s vamos para a mesa ouvir\u201d, declarou.<\/p>\n<p>Fonte: Ag\u00eancia Brasil<\/p>\n","protected":false},"excerpt":{"rendered":"<p>O ministro da Fazenda, Fernando Haddad, pediu nesta segunda-feira (5) que o Congresso Nacional tenha consci\u00eancia da Lei de Responsabilidade Fiscal ao\u00a0discutir qual ser\u00e1 a aprecia\u00e7\u00e3o da medida provis\u00f3ria da reonera\u00e7\u00e3o\u00a0da folha de pagamento de empresas tidas como grandes empregadoras.\u00a0 As declara\u00e7\u00f5es foram na sa\u00edda de um evento com economistas, na sede do Instituto Brasileiro [&hellip;]<\/p>\n","protected":false},"author":246,"featured_media":221006,"comment_status":"closed","ping_status":"closed","sticky":false,"template":"","format":"standard","meta":{"footnotes":""},"categories":[436,440,254,439],"tags":[],"class_list":["post-221005","post","type-post","status-publish","format-standard","has-post-thumbnail","hentry","category-destaque-da-semana","category-destaques-do-dia","category-politica","category-ultima-hora"],"_links":{"self":[{"href":"https:\/\/diarioregionaldigital.com.br\/index.php?rest_route=\/wp\/v2\/posts\/221005","targetHints":{"allow":["GET"]}}],"collection":[{"href":"https:\/\/diarioregionaldigital.com.br\/index.php?rest_route=\/wp\/v2\/posts"}],"about":[{"href":"https:\/\/diarioregionaldigital.com.br\/index.php?rest_route=\/wp\/v2\/types\/post"}],"author":[{"embeddable":true,"href":"https:\/\/diarioregionaldigital.com.br\/index.php?rest_route=\/wp\/v2\/users\/246"}],"replies":[{"embeddable":true,"href":"https:\/\/diarioregionaldigital.com.br\/index.php?rest_route=%2Fwp%2Fv2%2Fcomments&post=221005"}],"version-history":[{"count":1,"href":"https:\/\/diarioregionaldigital.com.br\/index.php?rest_route=\/wp\/v2\/posts\/221005\/revisions"}],"predecessor-version":[{"id":221007,"href":"https:\/\/diarioregionaldigital.com.br\/index.php?rest_route=\/wp\/v2\/posts\/221005\/revisions\/221007"}],"wp:featuredmedia":[{"embeddable":true,"href":"https:\/\/diarioregionaldigital.com.br\/index.php?rest_route=\/wp\/v2\/media\/221006"}],"wp:attachment":[{"href":"https:\/\/diarioregionaldigital.com.br\/index.php?rest_route=%2Fwp%2Fv2%2Fmedia&parent=221005"}],"wp:term":[{"taxonomy":"category","embeddable":true,"href":"https:\/\/diarioregionaldigital.com.br\/index.php?rest_route=%2Fwp%2Fv2%2Fcategories&post=221005"},{"taxonomy":"post_tag","embeddable":true,"href":"https:\/\/diarioregionaldigital.com.br\/index.php?rest_route=%2Fwp%2Fv2%2Ftags&post=221005"}],"curies":[{"name":"wp","href":"https:\/\/api.w.org\/{rel}","templated":true}]}}