{"id":221003,"date":"2024-02-02T19:18:23","date_gmt":"2024-02-02T22:18:23","guid":{"rendered":"https:\/\/diarioregionaldigital.com.br\/?p=221003"},"modified":"2024-02-02T19:18:23","modified_gmt":"2024-02-02T22:18:23","slug":"extrato-de-contrato-03-02-2024","status":"publish","type":"post","link":"https:\/\/diarioregionaldigital.com.br\/?p=221003","title":{"rendered":"EXTRATO DE CONTRATO &#8211; 03\/02\/2024"},"content":{"rendered":"<p style=\"text-align: center;\">EXTRATO DE CONTRATO<\/p>\n<p>Pref. Municipal de Descoberto x Duarte Martins Ind\u00fastria e Com\u00e9rcio Ltda &#8211; Objeto: Aquisi\u00e7\u00e3o de abad\u00e1s para o Carnaval 2024 &#8211; Fundamento: Dispensa n\u00ba 002\/2024 &#8211; Valor Global: R$11.450,00 &#8211; Vig\u00eancia: 1m\u00eas- Dot or\u00e7: 02.016.000.13.392.0015.2078.000162.339030.00\/500- 02.008.000.08.0012..2136.00012.339030\/500- 02.005.002.10.301.004.2084.00081.339030\/500 &#8211; Ass: 02\/02\/2024 &#8211; Foro: S\u00e3o Jo\u00e3o Nepomuceno\/MG.<\/p>\n<p>Marcos de Ara\u00fajo Lima<br \/>\nPrefeito Municipal<\/p>\n","protected":false},"excerpt":{"rendered":"<p>EXTRATO DE CONTRATO Pref. Municipal de Descoberto x Duarte Martins Ind\u00fastria e Com\u00e9rcio Ltda &#8211; Objeto: Aquisi\u00e7\u00e3o de abad\u00e1s para o Carnaval 2024 &#8211; Fundamento: Dispensa n\u00ba 002\/2024 &#8211; Valor Global: R$11.450,00 &#8211; Vig\u00eancia: 1m\u00eas- Dot or\u00e7: 02.016.000.13.392.0015.2078.000162.339030.00\/500- 02.008.000.08.0012..2136.00012.339030\/500- 02.005.002.10.301.004.2084.00081.339030\/500 &#8211; Ass: 02\/02\/2024 &#8211; Foro: S\u00e3o Jo\u00e3o Nepomuceno\/MG. Marcos de Ara\u00fajo Lima Prefeito Municipal<\/p>\n","protected":false},"author":246,"featured_media":0,"comment_status":"closed","ping_status":"closed","sticky":false,"template":"","format":"standard","meta":{"footnotes":""},"categories":[307],"tags":[],"class_list":["post-221003","post","type-post","status-publish","format-standard","hentry","category-editais"],"_links":{"self":[{"href":"https:\/\/diarioregionaldigital.com.br\/index.php?rest_route=\/wp\/v2\/posts\/221003","targetHints":{"allow":["GET"]}}],"collection":[{"href":"https:\/\/diarioregionaldigital.com.br\/index.php?rest_route=\/wp\/v2\/posts"}],"about":[{"href":"https:\/\/diarioregionaldigital.com.br\/index.php?rest_route=\/wp\/v2\/types\/post"}],"author":[{"embeddable":true,"href":"https:\/\/diarioregionaldigital.com.br\/index.php?rest_route=\/wp\/v2\/users\/246"}],"replies":[{"embeddable":true,"href":"https:\/\/diarioregionaldigital.com.br\/index.php?rest_route=%2Fwp%2Fv2%2Fcomments&post=221003"}],"version-history":[{"count":1,"href":"https:\/\/diarioregionaldigital.com.br\/index.php?rest_route=\/wp\/v2\/posts\/221003\/revisions"}],"predecessor-version":[{"id":221004,"href":"https:\/\/diarioregionaldigital.com.br\/index.php?rest_route=\/wp\/v2\/posts\/221003\/revisions\/221004"}],"wp:attachment":[{"href":"https:\/\/diarioregionaldigital.com.br\/index.php?rest_route=%2Fwp%2Fv2%2Fmedia&parent=221003"}],"wp:term":[{"taxonomy":"category","embeddable":true,"href":"https:\/\/diarioregionaldigital.com.br\/index.php?rest_route=%2Fwp%2Fv2%2Fcategories&post=221003"},{"taxonomy":"post_tag","embeddable":true,"href":"https:\/\/diarioregionaldigital.com.br\/index.php?rest_route=%2Fwp%2Fv2%2Ftags&post=221003"}],"curies":[{"name":"wp","href":"https:\/\/api.w.org\/{rel}","templated":true}]}}