{"id":221000,"date":"2024-02-02T19:15:46","date_gmt":"2024-02-02T22:15:46","guid":{"rendered":"https:\/\/diarioregionaldigital.com.br\/?p=221000"},"modified":"2024-02-02T19:15:46","modified_gmt":"2024-02-02T22:15:46","slug":"casa-da-mulher-doa-material-escolar-para-filhos-de-vitimas-de-violencia","status":"publish","type":"post","link":"https:\/\/diarioregionaldigital.com.br\/?p=221000","title":{"rendered":"Casa da Mulher doa material escolar para filhos de v\u00edtimas de viol\u00eancia"},"content":{"rendered":"<p>Segundo informa\u00e7\u00f5es do site da Prefeitura de Juiz de Fora (PJF), a Casa da Mulher \u201cMaria da Concei\u00e7\u00e3o Lammoglia Jabour\u201d da Prefeitura de Juiz de Fora (PJF) fez uma campanha interna para arrecadar material escolar para os filhos das mulheres que atualmente recebem o aux\u00edlio-moradia. Uma das modalidades do benef\u00edcio que a PJF concede \u00e9 destinada para as mulheres v\u00edtimas de viol\u00eancia dom\u00e9stica, familiar e de g\u00eanero. Itens como cadernos, l\u00e1pis, cola, tesoura, caneta, giz de cera e tinta guache s\u00e3o alguns dos itens coletados.<\/p>\n<p>De acordo com a coordenadora do espa\u00e7o, Maria Cristiane Ribeiro, a ideia \u00e9 proporcionar para essas crian\u00e7as a oportunidade de terem acesso aos recursos necess\u00e1rios ao aprendizado. \u201cIsso ajuda a garantir que elas possam acompanhar as atividades escolares e se manterem engajadas no processo de aprendizagem. A iniciativa tamb\u00e9m representa um gesto de solidariedade e apoio a essas fam\u00edlias que est\u00e3o se recuperando de situa\u00e7\u00f5es de viol\u00eancia dom\u00e9stica. Ajuda a mostrar que a sociedade est\u00e1 ao lado delas, oferecendo suporte para superar as dificuldades e reconstruir suas vidas. Dessa forma, a doa\u00e7\u00e3o de material escolar para filhos de v\u00edtimas de viol\u00eancia dom\u00e9stica n\u00e3o apenas contribui para a educa\u00e7\u00e3o dessas crian\u00e7as, mas tamb\u00e9m promove a inclus\u00e3o social, o bem-estar emocional e a esperan\u00e7a de um futuro melhor\u201d, enfatizou.<\/p>\n<p>Atualmente, 59 mulheres do munic\u00edpio s\u00e3o beneficiadas pelo aux\u00edlio-moradia nesta modalidade. Para ter acesso, mulheres v\u00edtimas de viol\u00eancia dom\u00e9stica, familiar e de g\u00eanero devem estar inscritas no Cad\u00danico, ter renda per capita de at\u00e9 meio sal\u00e1rio-m\u00ednimo, n\u00e3o possuir im\u00f3vel pr\u00f3prio e residir no munic\u00edpio por no m\u00ednimo 12 meses.<\/p>\n<p><strong>Sobre a Casa da Mulher<\/strong><\/p>\n<p>Localizada na Avenida Garibaldi Campinhos 169, bairro Vitorino Braga, o espa\u00e7o \u00e9 um centro de refer\u00eancia municipal, voltado para o atendimento humanizado e acolhimento de mulheres em situa\u00e7\u00e3o de viol\u00eancia dom\u00e9stica e de g\u00eanero. O espa\u00e7o \u00e9 vinculado \u00e0 Secretaria Especial de Direitos Humanos (SEDH) e o atendimento \u00e9 de segunda \u00e0 sexta-feira, de 8h \u00e0s 17h, com telefone de contato atrav\u00e9s do n\u00famero 3690-7292.<\/p>\n","protected":false},"excerpt":{"rendered":"<p>Segundo informa\u00e7\u00f5es do site da Prefeitura de Juiz de Fora (PJF), a Casa da Mulher \u201cMaria da Concei\u00e7\u00e3o Lammoglia Jabour\u201d da Prefeitura de Juiz de Fora (PJF) fez uma campanha interna para arrecadar material escolar para os filhos das mulheres que atualmente recebem o aux\u00edlio-moradia. Uma das modalidades do benef\u00edcio que a PJF concede \u00e9 [&hellip;]<\/p>\n","protected":false},"author":246,"featured_media":221001,"comment_status":"closed","ping_status":"closed","sticky":false,"template":"","format":"standard","meta":{"footnotes":""},"categories":[253,436,439],"tags":[],"class_list":["post-221000","post","type-post","status-publish","format-standard","has-post-thumbnail","hentry","category-cidade","category-destaque-da-semana","category-ultima-hora"],"_links":{"self":[{"href":"https:\/\/diarioregionaldigital.com.br\/index.php?rest_route=\/wp\/v2\/posts\/221000","targetHints":{"allow":["GET"]}}],"collection":[{"href":"https:\/\/diarioregionaldigital.com.br\/index.php?rest_route=\/wp\/v2\/posts"}],"about":[{"href":"https:\/\/diarioregionaldigital.com.br\/index.php?rest_route=\/wp\/v2\/types\/post"}],"author":[{"embeddable":true,"href":"https:\/\/diarioregionaldigital.com.br\/index.php?rest_route=\/wp\/v2\/users\/246"}],"replies":[{"embeddable":true,"href":"https:\/\/diarioregionaldigital.com.br\/index.php?rest_route=%2Fwp%2Fv2%2Fcomments&post=221000"}],"version-history":[{"count":1,"href":"https:\/\/diarioregionaldigital.com.br\/index.php?rest_route=\/wp\/v2\/posts\/221000\/revisions"}],"predecessor-version":[{"id":221002,"href":"https:\/\/diarioregionaldigital.com.br\/index.php?rest_route=\/wp\/v2\/posts\/221000\/revisions\/221002"}],"wp:featuredmedia":[{"embeddable":true,"href":"https:\/\/diarioregionaldigital.com.br\/index.php?rest_route=\/wp\/v2\/media\/221001"}],"wp:attachment":[{"href":"https:\/\/diarioregionaldigital.com.br\/index.php?rest_route=%2Fwp%2Fv2%2Fmedia&parent=221000"}],"wp:term":[{"taxonomy":"category","embeddable":true,"href":"https:\/\/diarioregionaldigital.com.br\/index.php?rest_route=%2Fwp%2Fv2%2Fcategories&post=221000"},{"taxonomy":"post_tag","embeddable":true,"href":"https:\/\/diarioregionaldigital.com.br\/index.php?rest_route=%2Fwp%2Fv2%2Ftags&post=221000"}],"curies":[{"name":"wp","href":"https:\/\/api.w.org\/{rel}","templated":true}]}}