{"id":220996,"date":"2024-02-02T19:14:10","date_gmt":"2024-02-02T22:14:10","guid":{"rendered":"https:\/\/diarioregionaldigital.com.br\/?p=220996"},"modified":"2024-02-02T19:14:10","modified_gmt":"2024-02-02T22:14:10","slug":"prefeitura-da-sequencia-a-revitalizacao-da-praca-mozart-geraldo-teixeira-no-alto-dos-passos","status":"publish","type":"post","link":"https:\/\/diarioregionaldigital.com.br\/?p=220996","title":{"rendered":"Prefeitura d\u00e1 sequ\u00eancia \u00e0 revitaliza\u00e7\u00e3o da pra\u00e7a Mozart Geraldo Teixeira, no Alto dos Passos"},"content":{"rendered":"<p>Segundo informa\u00e7\u00f5es do site da Prefeitura de Juiz de Fora (PJF), revitalizar as \u00e1reas de lazer da popula\u00e7\u00e3o tamb\u00e9m \u00e9 Boniteza. A Prefeitura de Juiz de Fora (PJF), atrav\u00e9s da Empresa Municipal de Pavimenta\u00e7\u00e3o e Urbanidades (Empav), avan\u00e7ou nos trabalhos de revitaliza\u00e7\u00e3o da Pra\u00e7a Mozart Geraldo Teixeira, localizada no bairro Alto dos Passos, zona sul da cidade.<\/p>\n<p>O lugar recebeu a recomposi\u00e7\u00e3o do piso (com pintura, mantendo as caracter\u00edsticas originais do espa\u00e7o), constru\u00e7\u00e3o de mureta no local que abrigava a estrutura da antiga lanchonete, e pintura de todos os canteiros e jardineiras. Ap\u00f3s a conclus\u00e3o da etapa de obras, o canteiro ser\u00e1 aterrado e receber\u00e1 plantio de flores de diversas esp\u00e9cies.<\/p>\n<p>Vale lembrar que todos os trabalhos de zeladoria do munic\u00edpio fazem parte do Programa Boniteza. A programa\u00e7\u00e3o completa das atividades realizadas pela PJF pode ser consultada atrav\u00e9s da p\u00e1gina do Gabinete, pelo\u00a0<a href=\"https:\/\/www.pjf.mg.gov.br\/gabinetecomunitario\/#onde\"><strong>link<\/strong><\/a>.<\/p>\n","protected":false},"excerpt":{"rendered":"<p>Segundo informa\u00e7\u00f5es do site da Prefeitura de Juiz de Fora (PJF), revitalizar as \u00e1reas de lazer da popula\u00e7\u00e3o tamb\u00e9m \u00e9 Boniteza. A Prefeitura de Juiz de Fora (PJF), atrav\u00e9s da Empresa Municipal de Pavimenta\u00e7\u00e3o e Urbanidades (Empav), avan\u00e7ou nos trabalhos de revitaliza\u00e7\u00e3o da Pra\u00e7a Mozart Geraldo Teixeira, localizada no bairro Alto dos Passos, zona sul [&hellip;]<\/p>\n","protected":false},"author":246,"featured_media":220997,"comment_status":"closed","ping_status":"closed","sticky":false,"template":"","format":"standard","meta":{"footnotes":""},"categories":[253,436,440,439],"tags":[],"class_list":["post-220996","post","type-post","status-publish","format-standard","has-post-thumbnail","hentry","category-cidade","category-destaque-da-semana","category-destaques-do-dia","category-ultima-hora"],"_links":{"self":[{"href":"https:\/\/diarioregionaldigital.com.br\/index.php?rest_route=\/wp\/v2\/posts\/220996","targetHints":{"allow":["GET"]}}],"collection":[{"href":"https:\/\/diarioregionaldigital.com.br\/index.php?rest_route=\/wp\/v2\/posts"}],"about":[{"href":"https:\/\/diarioregionaldigital.com.br\/index.php?rest_route=\/wp\/v2\/types\/post"}],"author":[{"embeddable":true,"href":"https:\/\/diarioregionaldigital.com.br\/index.php?rest_route=\/wp\/v2\/users\/246"}],"replies":[{"embeddable":true,"href":"https:\/\/diarioregionaldigital.com.br\/index.php?rest_route=%2Fwp%2Fv2%2Fcomments&post=220996"}],"version-history":[{"count":2,"href":"https:\/\/diarioregionaldigital.com.br\/index.php?rest_route=\/wp\/v2\/posts\/220996\/revisions"}],"predecessor-version":[{"id":220999,"href":"https:\/\/diarioregionaldigital.com.br\/index.php?rest_route=\/wp\/v2\/posts\/220996\/revisions\/220999"}],"wp:featuredmedia":[{"embeddable":true,"href":"https:\/\/diarioregionaldigital.com.br\/index.php?rest_route=\/wp\/v2\/media\/220997"}],"wp:attachment":[{"href":"https:\/\/diarioregionaldigital.com.br\/index.php?rest_route=%2Fwp%2Fv2%2Fmedia&parent=220996"}],"wp:term":[{"taxonomy":"category","embeddable":true,"href":"https:\/\/diarioregionaldigital.com.br\/index.php?rest_route=%2Fwp%2Fv2%2Fcategories&post=220996"},{"taxonomy":"post_tag","embeddable":true,"href":"https:\/\/diarioregionaldigital.com.br\/index.php?rest_route=%2Fwp%2Fv2%2Ftags&post=220996"}],"curies":[{"name":"wp","href":"https:\/\/api.w.org\/{rel}","templated":true}]}}