{"id":220977,"date":"2024-02-01T19:13:13","date_gmt":"2024-02-01T22:13:13","guid":{"rendered":"https:\/\/diarioregionaldigital.com.br\/?p=220977"},"modified":"2024-02-01T19:13:13","modified_gmt":"2024-02-01T22:13:13","slug":"interessados-em-ocupar-lojas-do-mercado-municipal-apos-reforma-devem-se-atentar-aos-prazos-dos-editais","status":"publish","type":"post","link":"https:\/\/diarioregionaldigital.com.br\/?p=220977","title":{"rendered":"Interessados em ocupar lojas do Mercado Municipal ap\u00f3s reforma devem se atentar aos prazos dos editais"},"content":{"rendered":"<p>Segundo informa\u00e7\u00f5es do site da Prefeitura de Juiz de Fora (PJF),\u00a0 os <a href=\"https:\/\/www.pjf.mg.gov.br\/secretarias\/cpl\/editais\/outras_modalidades\/2024\/index.php\"><strong>editais de concorr\u00eancia p\u00fablica<\/strong>\u00a0<\/a>para permiss\u00e3o de uso de unidades comerciais do Mercado Municipal seguem abertos para leitura e prepara\u00e7\u00e3o dos documentos que precisam ser entregues. S\u00e3o tr\u00eas editais distintos e, ao todo, h\u00e1 55 vagas dispon\u00edveis no primeiro e segundo andar do pr\u00e9dio, para atua\u00e7\u00e3o ap\u00f3s o t\u00e9rmino das obras de restaura\u00e7\u00e3o do espa\u00e7o.<\/p>\n<p>&nbsp;<\/p>\n<div>O\u00a0<strong>edital 013\/2023<\/strong>\u00a0corresponde \u00e0 sele\u00e7\u00e3o de Associa\u00e7\u00f5es sem fins lucrativos da Agricultura Familiar e Cooperativas da Agricultura Familiar, ambos da Regi\u00e3o e Microrregi\u00e3o de Juiz de Fora, para a outorga de permiss\u00e3o remunerada de uso de duas unidades localizadas no andar t\u00e9rreo, que ocupam um espa\u00e7o \u00fanico, sem divisas internas, para comercializa\u00e7\u00e3o de produtos aliment\u00edcios variados em minimercados, mercearias, armaz\u00e9ns, emp\u00f3rios, secos e molhados.<\/div>\n<p>&nbsp;<\/p>\n<div>J\u00e1 o\u00a0<strong>edital 014\/2023<\/strong>\u00a0corresponde \u00e0 sele\u00e7\u00e3o de pessoas f\u00edsicas ou jur\u00eddicas para a outorga de permiss\u00e3o remunerada de uso dos espa\u00e7os f\u00edsicos do andar t\u00e9rreo do Mercado Municipal, que conta com 52 unidades comerciais nos ramos de Artesanato e cong\u00eaneres; A\u00e7ougue; Peixaria; Latic\u00ednios, Frios e Adega; Gr\u00e3os, temperos e Especiarias; Frutas, Legumes e Verduras; Embalagens; Floricultura; Produtos naturais; Restaurantes e bares.<\/div>\n<p>&nbsp;<\/p>\n<div>O terceiro edital,<strong>\u00a0015\/2023<\/strong>, refere-se \u00e0 sele\u00e7\u00e3o de Empres\u00e1rios Individuais, Microempresas e Empresas de Pequeno Porte para a outorga de permiss\u00e3o remunerada de uso de uma unidade comercial do segmento restaurante e bar, localizada no segundo andar do Mercado Municipal. Acesse todos os tr\u00eas editais neste\u00a0<a href=\"https:\/\/www.pjf.mg.gov.br\/secretarias\/cpl\/editais\/outras_modalidades\/2024\/index.php\"><strong>link<\/strong><\/a>.<\/div>\n<p>&nbsp;<\/p>\n<div>Os interessados em participar de um dos processos devem entregar os envelopes n\u00ba 01 (Documentos de Habilita\u00e7\u00e3o) e n\u00ba 02 (Propostas T\u00e9cnica), de acordo com as exig\u00eancias de cada edital. Os envelopes podem ser entregues pelo pr\u00f3prio proponente ou por interm\u00e9dio de procurador com procura\u00e7\u00e3o registrada em cart\u00f3rio.<\/div>\n<p>&nbsp;<\/p>\n<div>Nos editais, os interessados encontram a lista de documenta\u00e7\u00e3o que deve conter em cada envelope, bem como os crit\u00e9rios de classifica\u00e7\u00e3o e anexos que devem ser preenchidos. Al\u00e9m disso, \u00e9 importante que o interessado leia os Avisos publicados no Atos do Governo e que tamb\u00e9m podem ser conferidos na p\u00e1gina\u00a0<strong><a href=\"https:\/\/www.pjf.mg.gov.br\/secretarias\/cpl\/editais\/outras_modalidades\/2024\/index.php\">Outras Modalidades<\/a><\/strong>.<\/div>\n<p>&nbsp;<\/p>\n<div>\n<strong>Datas e hor\u00e1rio de entrega dos envelopes<\/strong><\/div>\n<p>&nbsp;<\/p>\n<div>Os interessados em participar do edital 014\/2023 dever\u00e3o entregar o envelope no dia 26 de fevereiro, \u00e0s 9h30, no Museu Ferrovi\u00e1rio, localizado na Avenida Brasil, 2001, Centro. J\u00e1 os proponentes do edital 013\/2023 dever\u00e3o fazer a entrega no mesmo local, por\u00e9m no dia 27 de fevereiro, \u00e0s 9h30. Os envelopes dos interessados em participar do edital 015\/2023 precisam ser entregues no dia 28 de fevereiro, \u00e0s 9h30, tamb\u00e9m no Museu Ferrovi\u00e1rio.<\/div>\n<p><strong>D\u00favidas e esclarecimentos sobre os editais podem ser protocolados pelo Prefeitura \u00c1gil com destino a Subsecretaria de Licita\u00e7\u00f5es e Compras.<\/strong><\/p>\n","protected":false},"excerpt":{"rendered":"<p>Segundo informa\u00e7\u00f5es do site da Prefeitura de Juiz de Fora (PJF),\u00a0 os editais de concorr\u00eancia p\u00fablica\u00a0para permiss\u00e3o de uso de unidades comerciais do Mercado Municipal seguem abertos para leitura e prepara\u00e7\u00e3o dos documentos que precisam ser entregues. S\u00e3o tr\u00eas editais distintos e, ao todo, h\u00e1 55 vagas dispon\u00edveis no primeiro e segundo andar do pr\u00e9dio, [&hellip;]<\/p>\n","protected":false},"author":246,"featured_media":220978,"comment_status":"closed","ping_status":"closed","sticky":false,"template":"","format":"standard","meta":{"footnotes":""},"categories":[253,436,439],"tags":[],"class_list":["post-220977","post","type-post","status-publish","format-standard","has-post-thumbnail","hentry","category-cidade","category-destaque-da-semana","category-ultima-hora"],"_links":{"self":[{"href":"https:\/\/diarioregionaldigital.com.br\/index.php?rest_route=\/wp\/v2\/posts\/220977","targetHints":{"allow":["GET"]}}],"collection":[{"href":"https:\/\/diarioregionaldigital.com.br\/index.php?rest_route=\/wp\/v2\/posts"}],"about":[{"href":"https:\/\/diarioregionaldigital.com.br\/index.php?rest_route=\/wp\/v2\/types\/post"}],"author":[{"embeddable":true,"href":"https:\/\/diarioregionaldigital.com.br\/index.php?rest_route=\/wp\/v2\/users\/246"}],"replies":[{"embeddable":true,"href":"https:\/\/diarioregionaldigital.com.br\/index.php?rest_route=%2Fwp%2Fv2%2Fcomments&post=220977"}],"version-history":[{"count":1,"href":"https:\/\/diarioregionaldigital.com.br\/index.php?rest_route=\/wp\/v2\/posts\/220977\/revisions"}],"predecessor-version":[{"id":220979,"href":"https:\/\/diarioregionaldigital.com.br\/index.php?rest_route=\/wp\/v2\/posts\/220977\/revisions\/220979"}],"wp:featuredmedia":[{"embeddable":true,"href":"https:\/\/diarioregionaldigital.com.br\/index.php?rest_route=\/wp\/v2\/media\/220978"}],"wp:attachment":[{"href":"https:\/\/diarioregionaldigital.com.br\/index.php?rest_route=%2Fwp%2Fv2%2Fmedia&parent=220977"}],"wp:term":[{"taxonomy":"category","embeddable":true,"href":"https:\/\/diarioregionaldigital.com.br\/index.php?rest_route=%2Fwp%2Fv2%2Fcategories&post=220977"},{"taxonomy":"post_tag","embeddable":true,"href":"https:\/\/diarioregionaldigital.com.br\/index.php?rest_route=%2Fwp%2Fv2%2Ftags&post=220977"}],"curies":[{"name":"wp","href":"https:\/\/api.w.org\/{rel}","templated":true}]}}