{"id":220974,"date":"2024-02-01T19:08:28","date_gmt":"2024-02-01T22:08:28","guid":{"rendered":"https:\/\/diarioregionaldigital.com.br\/?p=220974"},"modified":"2024-02-01T19:08:28","modified_gmt":"2024-02-01T22:08:28","slug":"estudantes-tem-o-primeiro-dia-de-aula-com-os-nomeados-no-magisterio-municipal","status":"publish","type":"post","link":"https:\/\/diarioregionaldigital.com.br\/?p=220974","title":{"rendered":"Estudantes t\u00eam o primeiro dia de aula com os nomeados no magist\u00e9rio municipal"},"content":{"rendered":"<p>Segundo informa\u00e7\u00f5es do site da Prefeitura de Juiz de Fora (PJF), os amigos Jhullyane Baldin, 10 anos, e Jhonatan da Silva, 11 anos, voltaram a se encontrar nesta quinta-feira, no primeiro dia de aula na rede municipal de ensino. Estudantes do 5\u00ba ano, eles nem se incomodaram em acordar cedo para entrar \u00e0s 7h na Escola Municipal Presidente Tancredo Neves, no bairro S\u00e3o Pedro, Cidade Alta. \u201cEu j\u00e1 estou acostumada\u201d, justificou Jhullyane, acrescentando que sentiu falta da escola durante o recesso de fim de ano.<\/p>\n<div id=\"box_texto_noticia\">\n<p>Com cerca de 800 estudantes, a Escola reservou algumas novidades para o corpo discente, como os brinquedos novos do parquinho. Mas a maior inova\u00e7\u00e3o da rede municipal est\u00e1 presente em todas as 102 escolas: s\u00e3o os\u00a0<a href=\"https:\/\/www.pjf.mg.gov.br\/noticias\/view.php?modo=link2&amp;idnoticia2=82608\"><strong>1040 profissionais da educa\u00e7\u00e3o nomeados no maior concurso p\u00fablico da hist\u00f3ria de Juiz de Fora<\/strong><\/a>.<\/p>\n<p>Todos os rec\u00e9m-empossados j\u00e1 est\u00e3o exercendo as suas fun\u00e7\u00f5es. S\u00f3 na Escola Municipal Presidente Tancredo Neves s\u00e3o 12 professores que agora est\u00e3o efetivados. Entre eles, o professor de geografia Carlos Magno. Com mais de duas d\u00e9cadas no magist\u00e9rio, o docente j\u00e1 foi concursado do estado e trabalha na rede particular de ensino. Mesmo assim, considera uma grande conquista na sua carreira o ingresso como professor efetivo da rede municipal. \u201cA rede municipal de Juiz de Fora \u00e9 a que possui o melhor plano de carreira para os professores. A valoriza\u00e7\u00e3o do magist\u00e9rio \u00e9 fundamental para uma educa\u00e7\u00e3o de qualidade\u201d, frisou.<\/p>\n<p>O maior concurso p\u00fablico para o quadro do Magist\u00e9rio Municipal foi realizado ap\u00f3s uma lacuna de 15 anos. A posse e o in\u00edcio do exerc\u00edcio dos aprovados ocorreram em janeiro deste ano e esses mais de mil professores, coordenadores pedag\u00f3gicos e secret\u00e1rios escolares agora atuam nas escolas municipais como servidores p\u00fablicos efetivados.<\/p>\n<\/div>\n<p>&nbsp;<\/p>\n<div id=\"box_compartilhar\" align=\"right\"><\/div>\n","protected":false},"excerpt":{"rendered":"<p>Segundo informa\u00e7\u00f5es do site da Prefeitura de Juiz de Fora (PJF), os amigos Jhullyane Baldin, 10 anos, e Jhonatan da Silva, 11 anos, voltaram a se encontrar nesta quinta-feira, no primeiro dia de aula na rede municipal de ensino. Estudantes do 5\u00ba ano, eles nem se incomodaram em acordar cedo para entrar \u00e0s 7h na [&hellip;]<\/p>\n","protected":false},"author":246,"featured_media":220975,"comment_status":"closed","ping_status":"closed","sticky":false,"template":"","format":"standard","meta":{"footnotes":""},"categories":[253,436,440,439],"tags":[],"class_list":["post-220974","post","type-post","status-publish","format-standard","has-post-thumbnail","hentry","category-cidade","category-destaque-da-semana","category-destaques-do-dia","category-ultima-hora"],"_links":{"self":[{"href":"https:\/\/diarioregionaldigital.com.br\/index.php?rest_route=\/wp\/v2\/posts\/220974","targetHints":{"allow":["GET"]}}],"collection":[{"href":"https:\/\/diarioregionaldigital.com.br\/index.php?rest_route=\/wp\/v2\/posts"}],"about":[{"href":"https:\/\/diarioregionaldigital.com.br\/index.php?rest_route=\/wp\/v2\/types\/post"}],"author":[{"embeddable":true,"href":"https:\/\/diarioregionaldigital.com.br\/index.php?rest_route=\/wp\/v2\/users\/246"}],"replies":[{"embeddable":true,"href":"https:\/\/diarioregionaldigital.com.br\/index.php?rest_route=%2Fwp%2Fv2%2Fcomments&post=220974"}],"version-history":[{"count":1,"href":"https:\/\/diarioregionaldigital.com.br\/index.php?rest_route=\/wp\/v2\/posts\/220974\/revisions"}],"predecessor-version":[{"id":220976,"href":"https:\/\/diarioregionaldigital.com.br\/index.php?rest_route=\/wp\/v2\/posts\/220974\/revisions\/220976"}],"wp:featuredmedia":[{"embeddable":true,"href":"https:\/\/diarioregionaldigital.com.br\/index.php?rest_route=\/wp\/v2\/media\/220975"}],"wp:attachment":[{"href":"https:\/\/diarioregionaldigital.com.br\/index.php?rest_route=%2Fwp%2Fv2%2Fmedia&parent=220974"}],"wp:term":[{"taxonomy":"category","embeddable":true,"href":"https:\/\/diarioregionaldigital.com.br\/index.php?rest_route=%2Fwp%2Fv2%2Fcategories&post=220974"},{"taxonomy":"post_tag","embeddable":true,"href":"https:\/\/diarioregionaldigital.com.br\/index.php?rest_route=%2Fwp%2Fv2%2Ftags&post=220974"}],"curies":[{"name":"wp","href":"https:\/\/api.w.org\/{rel}","templated":true}]}}