{"id":220950,"date":"2024-02-01T09:58:39","date_gmt":"2024-02-01T12:58:39","guid":{"rendered":"https:\/\/diarioregionaldigital.com.br\/?p=220950"},"modified":"2024-02-01T09:58:39","modified_gmt":"2024-02-01T12:58:39","slug":"itinerario-de-onibus-sao-desviados-durante-realizacao-do-so-love-ninguem-vai-e-parangole-valvulado","status":"publish","type":"post","link":"https:\/\/diarioregionaldigital.com.br\/?p=220950","title":{"rendered":"Itiner\u00e1rio de \u00f4nibus s\u00e3o desviados durante realiza\u00e7\u00e3o do S\u00f3 Love, Ningu\u00e9m Vai e Parangol\u00e9 Valvulado"},"content":{"rendered":"<p>Segundo informa\u00e7\u00f5es do site da Prefeitura de Juiz de Fora (PJF), devido ao desfile de blocos de grande porte durante este s\u00e1bado, 3, e domingo, 4, algumas linhas de \u00f4nibus cumprem itiner\u00e1rio alternativo na Avenida Get\u00falio Vargas, no Centro, para passagem do Parangol\u00e9 Valvulado; na Rua Dom Vi\u00e7oso, no Alto dos Passos, onde acontece o S\u00f3 Love; e nas ruas Afonso Barra, Luiz Paleta, General Fel\u00edcio Lima, em bairro Benfica, para a realiza\u00e7\u00e3o do Ningu\u00e9m Vai.<\/p>\n<p><strong>Confira a altera\u00e7\u00e3o das linhas de \u00f4nibus em cada dia:<\/strong><\/p>\n<p>Bloco S\u00f3 Love (Fechamento no s\u00e1bado, 3, a partir de 10h, da Rua Dom Vi\u00e7oso, no Alto dos Passos)<\/p>\n<p>&nbsp;<\/p>\n<p><strong>Desvio no sentido Centro\/bairro:<\/strong><\/p>\n<p>&#8211; Linhas 112 e 115: &#8230;Rua Moraes e Castro, Rua Pedro Botti, Rua Jos\u00e9 do Patroc\u00ednio, Rua Onofre Mendes&#8230;<\/p>\n<p>&#8211; Linha 111: &#8230;Rua Moraes e Castro, Rua Pedro Botti, Rua do Acre, Rua Couto e Silva, Rua Jos\u00e9 do Patroc\u00ednio\u2026<\/p>\n<p>&nbsp;<\/p>\n<p>Bloco Ningu\u00e9m Vai (Fechamento no s\u00e1bado, 3, a partir de 12h, das ruas Afonso Barra, Luiz Paleta, Fel\u00edcio Lima, Rua Luiz Paleta e Afonso Barra)<\/p>\n<p><strong>Desvio no sentido Centro\/bairro:<\/strong><\/p>\n<p>&#8211; Linha 727: &#8230;Av Brasil, Rotat\u00f3ria, Av. Garcia Rodrigues Paes\u2026<\/p>\n<p><strong>Desvio no sentido bairro\/Centro:<\/strong><\/p>\n<p>-Linha 727: &#8230;Av. Garcia Rodrigues Paes, Rotat\u00f3ria, Av. Brasil&#8230;<\/p>\n<p>&nbsp;<\/p>\n<p>Bloco Parangol\u00e9 Valvulado: (Fechamento da Avenida Get\u00falio Vargas no domingo, 4, a partir de 12h)<\/p>\n<p>&#8211; Linhas 102, 116: &#8230;Av. Rio Branco, Rua Agassis, Rua Mariano Proc\u00f3pio, Rua Ant\u00f4nio Lagrota, Av. Brasil (margem direita), Viaduto Augusto Franco, Av. Francisco Bernardino, Av. Rio Branco&#8230;<\/p>\n<p>Pontos para embarque e desembarque: Av. Brasil e Pra\u00e7a da Esta\u00e7\u00e3o.<\/p>\n<p>&#8211; Linhas 101, 103, 105, 107, 109, 110, 150, 155: \u2026Av. Brasil (margem direita), Viaduto Augusto Franco, Travessa Dr. Prisco, Av. Francisco Bernardino, Av. Rio Branco&#8230;<\/p>\n<p>Pontos para embarque e desembarque: Av. Brasil e Pra\u00e7a da Esta\u00e7\u00e3o.<br \/>\n&#8211; Linhas 201, 202, 203, 204, 205, 206, 207, 208, 209 e 210: \u2026 Av. Rio Branco, Rua<\/p>\n<p>Agassis, Rua Mariano Proc\u00f3pio, Rua Ant\u00f4nio Lagrota, Av. Brasil (margem direita), Viaduto Augusto Franco, Av. Itamar Franco, Av. Rio Branco&#8230;<\/p>\n<p>Pontos para embarque e desembarque: Av. Brasil Av. Itamar Franco e Rio Branco<br \/>\n&#8211; Linhas 703, 706, 707, 708, 709, 710, 711, 712, 713, 714, 715, 716, 717, 718, 719,<\/p>\n<p>721, 722, 725, 726, 727, 728, 729, 730, 731, 732, 733, 735, 736, 738, 740, 741,<\/p>\n<p>742, 743, 744, 745, 746, 747, 748, 751, 753, 760: \u2026Av. Brasil (margem direita), Viaduto Augusto Franco, Travessa Dr. Prisco, Av. Francisco Bernardino, Viaduto H\u00e9lio F\u00e1del Ara\u00fajo&#8230;<\/p>\n<p>Ponto para embarque e desembarque: Av. Brasil e Travessa Dr. Prisco.<br \/>\n&#8211; Linhas 700, 701, 702, 704, 705, 709 e 737: \u2026Av. dos Andradas, Rua Silva Jardim, Av. Francisco Bernardino, Av. Rio Branco (pista lateral), Rua Marechal Setembrino de Carvalho, Av. Brasil (margem direita), Viaduto Augusto Franco, Travessa Dr. Prisco, Av. Francisco Bernardino, Av. Bar\u00e3o de Cataguases, Av. dos Andradas&#8230;<\/p>\n<p>Ponto para embarque e desembarque: Travessa Dr. Prisco e Av. Dos Andradas.<br \/>\n&#8211; Linha 311: \u2026 Av. Rio Branco (pista lateral), Rua Agassis, Rua Mariano Proc\u00f3pio, Rua Ant\u00f4nio Lagrota, Av. Brasil (margem direita), Rua Esp\u00edrito Santo, Av. Brasil (margem direita)\u2026<\/p>\n<p>Ponto para embarque e desembarque: Av. Brasil.<br \/>\n&#8211; Linhas 301 a 309, 313 a 399: \u2026 Rua da Bahia, Rua \u00c2ngelo Falci, Av. Francisco Bernardino, Viaduto Helio F\u00e1del Araujo, Av. Brasil (margem direita)\u2026<\/p>\n<p>Ponto para embarque e desembarque: Pra\u00e7a da Esta\u00e7\u00e3o e Av. Brasil.<br \/>\n&#8211; Linhas 400, 413, 420, 423, 425, 426, 427, 428, 429, 435 e 436: \u2026Rua Benjamim Constant, Av. Brasil (margem direita), Viaduto Augusto Franco, Av. Francisco Bernardino, Viaduto H\u00e9lio F\u00e1del Ara\u00fajo\u2026<\/p>\n<p>Ponto para embarque e desembarque: Av. Brasil e Pra\u00e7a da Esta\u00e7\u00e3o.<br \/>\n&#8211; Linhas 411, 415, 424, 430, 431, 432, 433, 434, 438, 439, 440, 441, 443, 444, 445, 447: \u2026Viaduto Augusto Franco, Rua \u00c2ngelo Falci, Av. Francisco Bernardino, Viaduto H\u00e9lio F\u00e1del Ara\u00fajo, Av Brasil (margem direita)\u2026<\/p>\n<p>Ponto para embarque e desembarque: Rua \u00c2ngelo Falci, Pra\u00e7a da Esta\u00e7\u00e3o e Av. Brasil.<br \/>\n&#8211; Linhas 402, 403, 404, 405, 406: \u2026Av. Rio Branco (pista lateral), Rua Agassis, Rua Mariano Proc\u00f3pio, Rua Ant\u00f4nio Lagrota, Av. Brasil, Viaduto Augusto Franco, Av. Itamar Franco, Av. Rio Branco (pista central)&#8230;<\/p>\n<p>Ponto para embarque e desembarque: Av. Brasil, Av. Itamar Franco e Av. Rio Branco.<br \/>\n&#8211; Linhas 516, 530, 533, 538, 540, 542: \u2026 Av. dos Andradas, Rua Silva Jardim, Av. Francisco Bernardino, Av. Rio Branco (pista lateral), Rua Marechal Setembrino de Carvalho, Av. Brasil (Margem Direita), Av. Francisco Bernadino, Av. Bar\u00e3o de Cataguases, Av. dos Andradas\u2026<\/p>\n<p>Ponto para embarque e desembarque: Av. dos Andradas, Av. Brasil e Pra\u00e7a da Esta\u00e7\u00e3o<\/p>\n<p>&#8211; Linhas 519, 523, 529, 543, 546, 549: \u2026Av. Itamar Franco, Travessa Dr. Prisco, Av.<\/p>\n<p>Francisco Bernardino, Viaduto Helio F\u00e1del Araujo, Av. Brasil (margem direita), Viaduto Augusto Franco, Av. Itamar Franco,&#8230;<\/p>\n<p>Ponto para embarque e desembarque: Av. Itamar Franco, Pra\u00e7a da Esta\u00e7\u00e3o e Av. Brasil, Av. Itamar Franco\u2026<\/p>\n<p>&nbsp;<\/p>\n<p>&#8211; Linha 539, 544, 548: \u2026Av. dos Andradas, Av. Rio Branco, Av. Itamar Franco&#8230;<\/p>\n<p>Ponto para embarque e desembarque: Av. dos Andradas, Av. Rio Branco e Av. Itamar Franco.<br \/>\n&#8211; Linhas 600 a 610, 613 a 616, 620, 621: \u2026 Av. dos Andradas, Rua Silva Jardim, Av.<\/p>\n<p>Francisco Bernardino, Av. Bar\u00e3o do Rio Branco (pista lateral), Rua Marechal Setembrino de Carvalho, Av. Brasil (margem direita), Viaduto Augusto Franco, Travessa Dr. Prisco, Av. Francisco Bernadino, Av. Bar\u00e3o de Cataguases, Av. Dos Andradas&#8230;<\/p>\n<p>Ponto para embarque e desembarque: Av. Brasil, Travessa Dr. Prisco e Av. dos Andradas.<\/p>\n","protected":false},"excerpt":{"rendered":"<p>Segundo informa\u00e7\u00f5es do site da Prefeitura de Juiz de Fora (PJF), devido ao desfile de blocos de grande porte durante este s\u00e1bado, 3, e domingo, 4, algumas linhas de \u00f4nibus cumprem itiner\u00e1rio alternativo na Avenida Get\u00falio Vargas, no Centro, para passagem do Parangol\u00e9 Valvulado; na Rua Dom Vi\u00e7oso, no Alto dos Passos, onde acontece o [&hellip;]<\/p>\n","protected":false},"author":246,"featured_media":220951,"comment_status":"closed","ping_status":"closed","sticky":false,"template":"","format":"standard","meta":{"footnotes":""},"categories":[253,436,439],"tags":[],"class_list":["post-220950","post","type-post","status-publish","format-standard","has-post-thumbnail","hentry","category-cidade","category-destaque-da-semana","category-ultima-hora"],"_links":{"self":[{"href":"https:\/\/diarioregionaldigital.com.br\/index.php?rest_route=\/wp\/v2\/posts\/220950","targetHints":{"allow":["GET"]}}],"collection":[{"href":"https:\/\/diarioregionaldigital.com.br\/index.php?rest_route=\/wp\/v2\/posts"}],"about":[{"href":"https:\/\/diarioregionaldigital.com.br\/index.php?rest_route=\/wp\/v2\/types\/post"}],"author":[{"embeddable":true,"href":"https:\/\/diarioregionaldigital.com.br\/index.php?rest_route=\/wp\/v2\/users\/246"}],"replies":[{"embeddable":true,"href":"https:\/\/diarioregionaldigital.com.br\/index.php?rest_route=%2Fwp%2Fv2%2Fcomments&post=220950"}],"version-history":[{"count":1,"href":"https:\/\/diarioregionaldigital.com.br\/index.php?rest_route=\/wp\/v2\/posts\/220950\/revisions"}],"predecessor-version":[{"id":220952,"href":"https:\/\/diarioregionaldigital.com.br\/index.php?rest_route=\/wp\/v2\/posts\/220950\/revisions\/220952"}],"wp:featuredmedia":[{"embeddable":true,"href":"https:\/\/diarioregionaldigital.com.br\/index.php?rest_route=\/wp\/v2\/media\/220951"}],"wp:attachment":[{"href":"https:\/\/diarioregionaldigital.com.br\/index.php?rest_route=%2Fwp%2Fv2%2Fmedia&parent=220950"}],"wp:term":[{"taxonomy":"category","embeddable":true,"href":"https:\/\/diarioregionaldigital.com.br\/index.php?rest_route=%2Fwp%2Fv2%2Fcategories&post=220950"},{"taxonomy":"post_tag","embeddable":true,"href":"https:\/\/diarioregionaldigital.com.br\/index.php?rest_route=%2Fwp%2Fv2%2Ftags&post=220950"}],"curies":[{"name":"wp","href":"https:\/\/api.w.org\/{rel}","templated":true}]}}