{"id":220945,"date":"2024-02-01T09:54:50","date_gmt":"2024-02-01T12:54:50","guid":{"rendered":"https:\/\/diarioregionaldigital.com.br\/?p=220945"},"modified":"2024-02-01T09:54:50","modified_gmt":"2024-02-01T12:54:50","slug":"extrato-de-contrato-01-02-2024","status":"publish","type":"post","link":"https:\/\/diarioregionaldigital.com.br\/?p=220945","title":{"rendered":"EXTRATO DE CONTRATO &#8211; 01\/02\/2024"},"content":{"rendered":"<p style=\"text-align: center;\">EXTRATO DE CONTRATO<\/p>\n<p>Pref. Municipal de Descoberto x Delage Treinamento em Educa\u00e7\u00e3o Ltda &#8211; Objeto: Curso de forma\u00e7\u00e3o de educadores da rede municipal de Descoberto &#8211; Fundamento: Inexigibilidade n\u00ba 006\/2024 &#8211; Valor Global: R$3.997,00- Vig\u00eancia: 02\/02\/2024- Dot or\u00e7: 02.004.001.12.122.0002.2032.000048.339039.00 &#8211; Ass: 29\/01\/2024 &#8211; Foro: S\u00e3o Jo\u00e3o Nepomuceno\/MG.<\/p>\n<p>Marcos de Ara\u00fajo Lima<br \/>\nPrefeito\u00a0Municipal<\/p>\n","protected":false},"excerpt":{"rendered":"<p>EXTRATO DE CONTRATO Pref. Municipal de Descoberto x Delage Treinamento em Educa\u00e7\u00e3o Ltda &#8211; Objeto: Curso de forma\u00e7\u00e3o de educadores da rede municipal de Descoberto &#8211; Fundamento: Inexigibilidade n\u00ba 006\/2024 &#8211; Valor Global: R$3.997,00- Vig\u00eancia: 02\/02\/2024- Dot or\u00e7: 02.004.001.12.122.0002.2032.000048.339039.00 &#8211; Ass: 29\/01\/2024 &#8211; Foro: S\u00e3o Jo\u00e3o Nepomuceno\/MG. Marcos de Ara\u00fajo Lima Prefeito\u00a0Municipal<\/p>\n","protected":false},"author":246,"featured_media":0,"comment_status":"closed","ping_status":"closed","sticky":false,"template":"","format":"standard","meta":{"footnotes":""},"categories":[307],"tags":[],"class_list":["post-220945","post","type-post","status-publish","format-standard","hentry","category-editais"],"_links":{"self":[{"href":"https:\/\/diarioregionaldigital.com.br\/index.php?rest_route=\/wp\/v2\/posts\/220945","targetHints":{"allow":["GET"]}}],"collection":[{"href":"https:\/\/diarioregionaldigital.com.br\/index.php?rest_route=\/wp\/v2\/posts"}],"about":[{"href":"https:\/\/diarioregionaldigital.com.br\/index.php?rest_route=\/wp\/v2\/types\/post"}],"author":[{"embeddable":true,"href":"https:\/\/diarioregionaldigital.com.br\/index.php?rest_route=\/wp\/v2\/users\/246"}],"replies":[{"embeddable":true,"href":"https:\/\/diarioregionaldigital.com.br\/index.php?rest_route=%2Fwp%2Fv2%2Fcomments&post=220945"}],"version-history":[{"count":1,"href":"https:\/\/diarioregionaldigital.com.br\/index.php?rest_route=\/wp\/v2\/posts\/220945\/revisions"}],"predecessor-version":[{"id":220946,"href":"https:\/\/diarioregionaldigital.com.br\/index.php?rest_route=\/wp\/v2\/posts\/220945\/revisions\/220946"}],"wp:attachment":[{"href":"https:\/\/diarioregionaldigital.com.br\/index.php?rest_route=%2Fwp%2Fv2%2Fmedia&parent=220945"}],"wp:term":[{"taxonomy":"category","embeddable":true,"href":"https:\/\/diarioregionaldigital.com.br\/index.php?rest_route=%2Fwp%2Fv2%2Fcategories&post=220945"},{"taxonomy":"post_tag","embeddable":true,"href":"https:\/\/diarioregionaldigital.com.br\/index.php?rest_route=%2Fwp%2Fv2%2Ftags&post=220945"}],"curies":[{"name":"wp","href":"https:\/\/api.w.org\/{rel}","templated":true}]}}