{"id":220942,"date":"2024-01-31T20:17:11","date_gmt":"2024-01-31T23:17:11","guid":{"rendered":"https:\/\/diarioregionaldigital.com.br\/?p=220942"},"modified":"2024-01-31T20:17:11","modified_gmt":"2024-01-31T23:17:11","slug":"maratona-da-folia-juiz-de-fora-tera-13-dias-seguidos-de-blocos","status":"publish","type":"post","link":"https:\/\/diarioregionaldigital.com.br\/?p=220942","title":{"rendered":"Maratona da Folia: Juiz de Fora ter\u00e1 13 dias seguidos de blocos"},"content":{"rendered":"<p>Segundo informa\u00e7\u00f5es do site da Prefeitura de Juiz de Fora (PJF), fevereiro come\u00e7a com uma verdadeira maratona carnavalesca em Juiz de Fora. A partir desta quinta-feira, 1\u00ba, a cidade ter\u00e1 13 dias seguidos com blocos agitando as ruas, pra\u00e7as e equipamentos urbanos. Depois de 13 de fevereiro, acontece uma pausa na programa\u00e7\u00e3o at\u00e9 o dia 17, data em que acontece o \u00faltimo evento da programa\u00e7\u00e3o oficial do Carnaval 2024: o Bloco do Valle. A programa\u00e7\u00e3o completa da folia pode ser conferida nas redes sociais da Funalfa (@funalfacultura).<\/p>\n<p>No pr\u00f3ximo fim de semana, ser\u00e3o 14 blocos somente no s\u00e1bado, 3, incluindo os tradicionais Ingoma, Dom\u00e9sticas de Luxo e Meu Concreto t\u00e1 Armado. J\u00e1 no domingo, 4, o Parangol\u00e9 Valvulado, um dos maiores blocos da cidade, deve arrastar milhares de foli\u00f5es pela Avenida Get\u00falio Vargas. No Bairro Francisco Bernardino, na Zona Norte, o Pr\u00e9-carnaval do Moinho oferece, al\u00e9m de blocos, shows com entrada franca.<\/p>\n<p><strong>Programa\u00e7\u00e3o de 1\u00ba a 4 de fevereiro:<\/p>\n<p>Dia 1\u00ba | Quinta-feira<\/strong><\/p>\n<p>* 16h \u2013 Filhas da Luta \u2013 Parque Halfeld, Rua Halfeld &#8211; Pra\u00e7a da Esta\u00e7\u00e3o | Centro<br \/>\n* 17h \u2013 Canal \u2013 Beco da Cultura\/Pra\u00e7a Ant\u00f4nio Carlos | Centro<\/p>\n<p><strong>Dia 2 | Sexta-feira<\/strong><\/p>\n<p>* 18h \u2013 Realce \u2013 Pra\u00e7a Ant\u00f4nio Carlos \u2013 Rua Halfeld \u2013 Parque Halfeld | Centro<br \/>\n* 19h \u2013 Acorda, Borboleta \u2013 Rua Braz Xavier Bastos J\u00fanior \u2013 Rua Madre Adelina \u2013 Rua Tenente Paulo Maria Delage \u2013 Rua Irm\u00e3o Menrado \u2013 Rua Madre Adelina &#8211; Rua Braz Xavier Bastos J\u00fanior | Borboleta<\/p>\n<p><strong>Dia 3 | S\u00e1bado<\/strong><\/p>\n<p>* 11h &#8211; S\u00f3 Love &#8211; Rua Dom Vi\u00e7oso | Alto dos Passos<br \/>\n* 11h &#8211; Dom\u00e9sticas de Luxo &#8211; Parque Halfeld &#8211; Rua Halfeld &#8211; Pra\u00e7a da Esta\u00e7\u00e3o |<br \/>\nCentro<br \/>\n* 12h &#8211; Ningu\u00e9m Vai &#8211; Rua Afonso Barra 520 &#8211; Rua Luiz Paleta &#8211; Rua General Fel\u00edcio<br \/>\nLima &#8211; Rua Luiz Paleta &#8211; Rua Afonso Barra | Benfica<br \/>\n* 12h &#8211; Bloco do Mestre &#8211; Pra\u00e7a Menelick de Carvalho 146 | Santa Helena<br \/>\n* 13h &#8211; Meu Concreto t\u00e1 Armado &#8211; Pra\u00e7a Jarbas de Lery Santos | S\u00e3o Mateus<br \/>\n* 14h &#8211; Se Fiz, N\u00e3o Lembro &#8211; Avenida Sete de Setembro 1.574 | Costa Carvalho<br \/>\n* 14h &#8211; Bloco da Sete &#8211; Avenida Sete de Setembro 1.200 | Costa Carvalho<br \/>\n* 14h &#8211; Makoombloco &#8211; Pra\u00e7a Ant\u00f4nio Carlos | Centro<br \/>\n* 14h \u2013 Ingoma &#8211; Parque Halfeld &#8211; Cal\u00e7ad\u00e3o da Halfeld &#8211; Avenida Get\u00falio Vargas &#8211;<br \/>\nPra\u00e7a Ant\u00f4nio Carlos | Centro<br \/>\n* 16h &#8211; Grajamaica &#8211; Pra\u00e7a Pedro Batista Martins | Graja\u00fa<br \/>\n* 16h &#8211; Resenha Bar &#8211; Rua Professor Walqu\u00edrio Seixas de Farias 560 &#8211; Rua Coronel<br \/>\nApr\u00edgio Ribeiro | Esplanada<br \/>\n* 17h &#8211; Bota na Banguela\/Bloco do Santo &#8211; Pra\u00e7a Menelick de Carvalho 146 | Santa<br \/>\nHelena<\/p>\n<p>Pr\u00e9-carnaval Moinho &#8211;\u00a0Av. Presidente Juscelino Kubitschek 900 | Francisco Bernardinon<\/p>\n<p>* 14h &#8211; Abertura<br \/>\n* 15h &#8211; Bloco Trem B\u00e3o D+<br \/>\n* 16h &#8211; Bloco I Love Sertanejo<br \/>\n* 19h &#8211; DJ Laryssa Clara &#8211; Privil\u00e8ge Brasil<br \/>\n* 20h &#8211; Bateria da Escola de Samba Uni\u00e3o das Cores<\/p>\n<p><strong>Dia 4 | Domingo<\/strong><\/p>\n<p>* 12h &#8211; Pisa Ligeiro &#8211; Pra\u00e7a da Esta\u00e7\u00e3o &#8211; Rua Halfeld &#8211; Parque Halfeld | Centro<br \/>\n* 12h &#8211; Parangol\u00e9 Valvulado &#8211; Avenida Get\u00falio Vargas 1001 at\u00e9 181 da mesma via | Centro<br \/>\n* 12h &#8211; Cola no Velcro &#8211; Pra\u00e7a Agassis | Mariano Proc\u00f3pio<\/p>\n<p>* 13h &#8211; Os Par\u00e7as &#8211; Rua Couto e Silva 55 | Mundo Novo<br \/>\n* 16h &#8211; Carna Castelo &#8211; Rua Geraldo Gomes &#8211; Rua Branca Mascarenhas | Rua Itatiaia<br \/>\n&#8211; Rua Itacolomi &#8211; Rua Igua\u00e7u &#8211; Rua Branca Mascarenhas | Monte Castelo<br \/>\n* 17h &#8211; Bloco Dar Nela &#8211; Rua Nelito dos Santos Nazareth 195 \u2013 Ipiranga<\/p>\n<p>Pr\u00e9-carnaval do Moinho<\/p>\n<p>10h &#8211; BloC\u00e3o<br \/>\n14h &#8211; Bloco da Gabizoca<br \/>\n16h &#8211; Bloco S\u00f3 Love<br \/>\n20h &#8211; Banda Encaixe Perfeito<\/p>\n<p>&nbsp;<\/p>\n","protected":false},"excerpt":{"rendered":"<p>Segundo informa\u00e7\u00f5es do site da Prefeitura de Juiz de Fora (PJF), fevereiro come\u00e7a com uma verdadeira maratona carnavalesca em Juiz de Fora. A partir desta quinta-feira, 1\u00ba, a cidade ter\u00e1 13 dias seguidos com blocos agitando as ruas, pra\u00e7as e equipamentos urbanos. Depois de 13 de fevereiro, acontece uma pausa na programa\u00e7\u00e3o at\u00e9 o dia [&hellip;]<\/p>\n","protected":false},"author":246,"featured_media":220943,"comment_status":"closed","ping_status":"closed","sticky":false,"template":"","format":"standard","meta":{"footnotes":""},"categories":[253,436,440,439],"tags":[],"class_list":["post-220942","post","type-post","status-publish","format-standard","has-post-thumbnail","hentry","category-cidade","category-destaque-da-semana","category-destaques-do-dia","category-ultima-hora"],"_links":{"self":[{"href":"https:\/\/diarioregionaldigital.com.br\/index.php?rest_route=\/wp\/v2\/posts\/220942","targetHints":{"allow":["GET"]}}],"collection":[{"href":"https:\/\/diarioregionaldigital.com.br\/index.php?rest_route=\/wp\/v2\/posts"}],"about":[{"href":"https:\/\/diarioregionaldigital.com.br\/index.php?rest_route=\/wp\/v2\/types\/post"}],"author":[{"embeddable":true,"href":"https:\/\/diarioregionaldigital.com.br\/index.php?rest_route=\/wp\/v2\/users\/246"}],"replies":[{"embeddable":true,"href":"https:\/\/diarioregionaldigital.com.br\/index.php?rest_route=%2Fwp%2Fv2%2Fcomments&post=220942"}],"version-history":[{"count":1,"href":"https:\/\/diarioregionaldigital.com.br\/index.php?rest_route=\/wp\/v2\/posts\/220942\/revisions"}],"predecessor-version":[{"id":220944,"href":"https:\/\/diarioregionaldigital.com.br\/index.php?rest_route=\/wp\/v2\/posts\/220942\/revisions\/220944"}],"wp:featuredmedia":[{"embeddable":true,"href":"https:\/\/diarioregionaldigital.com.br\/index.php?rest_route=\/wp\/v2\/media\/220943"}],"wp:attachment":[{"href":"https:\/\/diarioregionaldigital.com.br\/index.php?rest_route=%2Fwp%2Fv2%2Fmedia&parent=220942"}],"wp:term":[{"taxonomy":"category","embeddable":true,"href":"https:\/\/diarioregionaldigital.com.br\/index.php?rest_route=%2Fwp%2Fv2%2Fcategories&post=220942"},{"taxonomy":"post_tag","embeddable":true,"href":"https:\/\/diarioregionaldigital.com.br\/index.php?rest_route=%2Fwp%2Fv2%2Ftags&post=220942"}],"curies":[{"name":"wp","href":"https:\/\/api.w.org\/{rel}","templated":true}]}}