{"id":220920,"date":"2024-01-30T19:20:25","date_gmt":"2024-01-30T22:20:25","guid":{"rendered":"https:\/\/diarioregionaldigital.com.br\/?p=220920"},"modified":"2024-01-30T19:20:25","modified_gmt":"2024-01-30T22:20:25","slug":"tre-relator-libera-para-julgamento-processo-que-pode-cassar-moro","status":"publish","type":"post","link":"https:\/\/diarioregionaldigital.com.br\/?p=220920","title":{"rendered":"TRE: relator libera para julgamento processo que pode cassar Moro"},"content":{"rendered":"<p>O desembargador Luciano Falavinha, do Tribunal Regional Eleitoral (TRE) do Paran\u00e1, liberou nesta ter\u00e7a-feira (30) para julgamento o processo que pode levar \u00e0 cassa\u00e7\u00e3o do mandato do senador Sergio Moro (Uni\u00e3o-PR).\u00a0<img decoding=\"async\" src=\"https:\/\/agenciabrasil.ebc.com.br\/ebc.png?id=1578607&amp;o=node\" \/><img decoding=\"async\" src=\"https:\/\/agenciabrasil.ebc.com.br\/ebc.gif?id=1578607&amp;o=node\" \/><\/p>\n<p>Com a libera\u00e7\u00e3o da a\u00e7\u00e3o pelo relator, a data do julgamento poder\u00e1 ser marcada pelo tribunal na &#8220;primeira data poss\u00edvel&#8221;, conforme a decis\u00e3o assinada pelo magistrado.<\/p>\n<p>O senador \u00e9 alvo de a\u00e7\u00f5es protocoladas pelo PT e o PL na Justi\u00e7a Eleitoral. Os partidos acusam Moro de abuso de poder econ\u00f4mico pela suposta realiza\u00e7\u00e3o de gastos irregulares no per\u00edodo de pr\u00e9-campanha em 2022.<\/p>\n<p>Em dezembro de 2023, o Minist\u00e9rio P\u00fablico Eleitoral (MPE) do Paran\u00e1 defendeu a cassa\u00e7\u00e3o do mandato do senador. No entendimento dos procuradores, houve uso &#8220;excessivo de recursos financeiros&#8221; no per\u00edodo que antecedeu a campanha eleitoral oficial, em 2022.<\/p>\n<p>Em 2021, Moro estava no Podemos e realizava atos de pr\u00e9-candidatura \u00e0 Presid\u00eancia da Rep\u00fablica. Em seguida, ele deixou o partido e passou a fazer campanha para o Senado. De acordo com a acusa\u00e7\u00e3o, houve &#8220;desvantagem il\u00edcita&#8221; em favor dos demais concorrentes ao cargo de senador diante dos &#8220;altos investimentos financeiros&#8221; realizados antes de Moro se candidatar ao Senado.<\/p>\n<p>Foram citados gastos de aproximadamente R$ 2 milh\u00f5es com o evento de filia\u00e7\u00e3o de Moro ao Podemos e com a contrata\u00e7\u00e3o de produ\u00e7\u00e3o de v\u00eddeos e consultorias.<\/p>\n<p>No caso de eventual cassa\u00e7\u00e3o de Sergio Moro, caber\u00e1 recurso ao Tribunal Superior Eleitoral (TSE), em Bras\u00edlia. No entanto, se a poss\u00edvel condena\u00e7\u00e3o for mantida, novas elei\u00e7\u00f5es para o Senado dever\u00e3o ser convocadas no Paran\u00e1.<\/p>\n<p>Durante a tramita\u00e7\u00e3o do processo, a defesa do senador negou as irregularidades e classificou que as acusa\u00e7\u00f5es t\u00eam \u201cconota\u00e7\u00e3o pol\u00edtica\u201d. Para a defesa, gastos de pr\u00e9-campanha \u00e0 Presid\u00eancia n\u00e3o podem ser contabilizados na campanha para o Senado, uma vez que um cargo \u00e9 de vota\u00e7\u00e3o nacional e o outro somente no Paran\u00e1.<\/p>\n<p>Fonte: Ag\u00eancia Brasil<\/p>\n","protected":false},"excerpt":{"rendered":"<p>O desembargador Luciano Falavinha, do Tribunal Regional Eleitoral (TRE) do Paran\u00e1, liberou nesta ter\u00e7a-feira (30) para julgamento o processo que pode levar \u00e0 cassa\u00e7\u00e3o do mandato do senador Sergio Moro (Uni\u00e3o-PR).\u00a0 Com a libera\u00e7\u00e3o da a\u00e7\u00e3o pelo relator, a data do julgamento poder\u00e1 ser marcada pelo tribunal na &#8220;primeira data poss\u00edvel&#8221;, conforme a decis\u00e3o assinada [&hellip;]<\/p>\n","protected":false},"author":246,"featured_media":220921,"comment_status":"closed","ping_status":"closed","sticky":false,"template":"","format":"standard","meta":{"footnotes":""},"categories":[436,254,439],"tags":[],"class_list":["post-220920","post","type-post","status-publish","format-standard","has-post-thumbnail","hentry","category-destaque-da-semana","category-politica","category-ultima-hora"],"_links":{"self":[{"href":"https:\/\/diarioregionaldigital.com.br\/index.php?rest_route=\/wp\/v2\/posts\/220920","targetHints":{"allow":["GET"]}}],"collection":[{"href":"https:\/\/diarioregionaldigital.com.br\/index.php?rest_route=\/wp\/v2\/posts"}],"about":[{"href":"https:\/\/diarioregionaldigital.com.br\/index.php?rest_route=\/wp\/v2\/types\/post"}],"author":[{"embeddable":true,"href":"https:\/\/diarioregionaldigital.com.br\/index.php?rest_route=\/wp\/v2\/users\/246"}],"replies":[{"embeddable":true,"href":"https:\/\/diarioregionaldigital.com.br\/index.php?rest_route=%2Fwp%2Fv2%2Fcomments&post=220920"}],"version-history":[{"count":1,"href":"https:\/\/diarioregionaldigital.com.br\/index.php?rest_route=\/wp\/v2\/posts\/220920\/revisions"}],"predecessor-version":[{"id":220922,"href":"https:\/\/diarioregionaldigital.com.br\/index.php?rest_route=\/wp\/v2\/posts\/220920\/revisions\/220922"}],"wp:featuredmedia":[{"embeddable":true,"href":"https:\/\/diarioregionaldigital.com.br\/index.php?rest_route=\/wp\/v2\/media\/220921"}],"wp:attachment":[{"href":"https:\/\/diarioregionaldigital.com.br\/index.php?rest_route=%2Fwp%2Fv2%2Fmedia&parent=220920"}],"wp:term":[{"taxonomy":"category","embeddable":true,"href":"https:\/\/diarioregionaldigital.com.br\/index.php?rest_route=%2Fwp%2Fv2%2Fcategories&post=220920"},{"taxonomy":"post_tag","embeddable":true,"href":"https:\/\/diarioregionaldigital.com.br\/index.php?rest_route=%2Fwp%2Fv2%2Ftags&post=220920"}],"curies":[{"name":"wp","href":"https:\/\/api.w.org\/{rel}","templated":true}]}}