{"id":220911,"date":"2024-01-30T19:13:56","date_gmt":"2024-01-30T22:13:56","guid":{"rendered":"https:\/\/diarioregionaldigital.com.br\/?p=220911"},"modified":"2024-01-30T19:13:56","modified_gmt":"2024-01-30T22:13:56","slug":"brasil-criou-148-milhao-de-empregos-formais-em-2023-aponta-caged","status":"publish","type":"post","link":"https:\/\/diarioregionaldigital.com.br\/?p=220911","title":{"rendered":"Brasil criou 1,48 milh\u00e3o de empregos formais em 2023, aponta Caged"},"content":{"rendered":"<p>O Brasil registrou saldo positivo de 1.483.598 empregos formais em 2023, segundo o Novo Cadastro Geral de Empregados e Desempregados (Caged), divulgado nesta ter\u00e7a-feira (30) pelo Minist\u00e9rio do Trabalho e Emprego. No acumulado do ano (janeiro a dezembro), foram registradas 23.257.812 admiss\u00f5es e 21.774.214 desligamentos.\u00a0<img decoding=\"async\" src=\"https:\/\/agenciabrasil.ebc.com.br\/ebc.png?id=1578535&amp;o=node\" \/><img decoding=\"async\" src=\"https:\/\/agenciabrasil.ebc.com.br\/ebc.gif?id=1578535&amp;o=node\" \/><\/p>\n<p>O maior crescimento do emprego formal em 2023 ocorreu no setor de servi\u00e7os, com a cria\u00e7\u00e3o de 886.256 postos. No com\u00e9rcio, foram criados 276.528 postos; na constru\u00e7\u00e3o 158.940; na ind\u00fastria, 127.145;\u00a0e na agropecu\u00e1ria, o saldo foi de 34.762 postos.<\/p>\n<p>O sal\u00e1rio m\u00e9dio de admiss\u00e3o foi\u00a0R$ 2.037,94.<\/p>\n<p>Nas 27 unidades federativas ocorreram saldos positivos, com destaque para S\u00e3o Paulo (390.719 postos, +3%), Rio de Janeiro (160.570 postos, +4,7%) e Minas Gerais (140.836 postos, +3,2%). Nas regi\u00f5es, as maiores gera\u00e7\u00f5es ocorreram no Sudeste, (726.327), Nordeste (298.188) e Sul (197.659). O maior crescimento foi verificado no Nordeste, 5,2%, com gera\u00e7\u00e3o de 106.375 postos no ano.<\/p>\n<p>A maioria das vagas criadas em 2023 foram preenchidas por homens (840.740). Mulheres ocuparam\u00a0642.892 novos postos. A faixa et\u00e1ria com maior saldo foi a de 18 a 24 anos, com 1.158.532 postos.<\/p>\n<p>Os resultados de 2023 n\u00e3o atingiram as previs\u00f5es do ministro do Trabalho e Emprego, Luiz Marinho, que\u00a0<a href=\"https:\/\/agenciabrasil.ebc.com.br\/economia\/noticia\/2023-06\/ministro-projeta-mais-de-2-milhoes-de-empregos-formais-em-2023\" target=\"_blank\" rel=\"noopener\">projetava a gera\u00e7\u00e3o de mais de 2 milh\u00f5es de empregos<\/a>\u00a0com carteira assinada no ano. Segundo ele, o resultado\u00a0pode ter sido influenciado pela informalidade, especialmente na agricultura, al\u00e9m de fatores econ\u00f4micos como os juros e o endividamento, que teve uma queda insuficiente para influenciar no mercado de contrata\u00e7\u00e3o.<\/p>\n<p>&#8220;Do jeito que n\u00f3s herdamos a gest\u00e3o do pa\u00eds, eu creio que foi um n\u00famero razo\u00e1vel. N\u00e3o vamos comemorar, mas foi um n\u00famero razo\u00e1vel dentro do primeiro ano de governo&#8221;, disse Marinho, acrescentando que a tend\u00eancia para 2024 \u00e9 haver um aumento na gera\u00e7\u00e3o de empregos, especialmente pela retomada de projetos de infraestrutura.<\/p>\n<h2>Resultado em dezembro<\/h2>\n<p>Em dezembro, o Brasil registrou saldo negativo de 430.159 postos de trabalho com carteira assinada. No m\u00eas passado, foram\u00a01.502.563 admiss\u00f5es e 1.932.722 demiss\u00f5es, segundo o Caged. Segundo o Minist\u00e9rio do Trabalho e Emprego, a queda ocorreu devido\u00a0ao ajuste sazonal realizado no m\u00eas.<\/p>\n<p>\u201cDezembro n\u00e3o \u00e9 o melhor m\u00eas do Caged, pelo contr\u00e1rio, \u00e9 um m\u00eas em que as\u00a0empresas fazem a rescis\u00e3o de contratos, especialmente os contratos tempor\u00e1rios. E tem tamb\u00e9m os estados, especialmente [os contratos nas \u00e1reas de] educa\u00e7\u00e3o e sa\u00fade, que acabam rescindindo contratos\u201d, explicou o ministro Luiz Marinho.<\/p>\n<p>No \u00faltimo m\u00eas de 2023, os cinco grandes grupamentos de atividades econ\u00f4micas registraram saldos negativos: servi\u00e7os (-181.913 postos); ind\u00fastria (-111.006 postos); constru\u00e7\u00e3o (-75.631 postos); agropecu\u00e1ria(-53.660 postos) e com\u00e9rcio (-7.949 postos).<\/p>\n<p>Fonte: Ag\u00eancia Brasil<\/p>\n","protected":false},"excerpt":{"rendered":"<p>O Brasil registrou saldo positivo de 1.483.598 empregos formais em 2023, segundo o Novo Cadastro Geral de Empregados e Desempregados (Caged), divulgado nesta ter\u00e7a-feira (30) pelo Minist\u00e9rio do Trabalho e Emprego. No acumulado do ano (janeiro a dezembro), foram registradas 23.257.812 admiss\u00f5es e 21.774.214 desligamentos.\u00a0 O maior crescimento do emprego formal em 2023 ocorreu no [&hellip;]<\/p>\n","protected":false},"author":246,"featured_media":220912,"comment_status":"closed","ping_status":"closed","sticky":false,"template":"","format":"standard","meta":{"footnotes":""},"categories":[436,261,439],"tags":[],"class_list":["post-220911","post","type-post","status-publish","format-standard","has-post-thumbnail","hentry","category-destaque-da-semana","category-economia","category-ultima-hora"],"_links":{"self":[{"href":"https:\/\/diarioregionaldigital.com.br\/index.php?rest_route=\/wp\/v2\/posts\/220911","targetHints":{"allow":["GET"]}}],"collection":[{"href":"https:\/\/diarioregionaldigital.com.br\/index.php?rest_route=\/wp\/v2\/posts"}],"about":[{"href":"https:\/\/diarioregionaldigital.com.br\/index.php?rest_route=\/wp\/v2\/types\/post"}],"author":[{"embeddable":true,"href":"https:\/\/diarioregionaldigital.com.br\/index.php?rest_route=\/wp\/v2\/users\/246"}],"replies":[{"embeddable":true,"href":"https:\/\/diarioregionaldigital.com.br\/index.php?rest_route=%2Fwp%2Fv2%2Fcomments&post=220911"}],"version-history":[{"count":1,"href":"https:\/\/diarioregionaldigital.com.br\/index.php?rest_route=\/wp\/v2\/posts\/220911\/revisions"}],"predecessor-version":[{"id":220913,"href":"https:\/\/diarioregionaldigital.com.br\/index.php?rest_route=\/wp\/v2\/posts\/220911\/revisions\/220913"}],"wp:featuredmedia":[{"embeddable":true,"href":"https:\/\/diarioregionaldigital.com.br\/index.php?rest_route=\/wp\/v2\/media\/220912"}],"wp:attachment":[{"href":"https:\/\/diarioregionaldigital.com.br\/index.php?rest_route=%2Fwp%2Fv2%2Fmedia&parent=220911"}],"wp:term":[{"taxonomy":"category","embeddable":true,"href":"https:\/\/diarioregionaldigital.com.br\/index.php?rest_route=%2Fwp%2Fv2%2Fcategories&post=220911"},{"taxonomy":"post_tag","embeddable":true,"href":"https:\/\/diarioregionaldigital.com.br\/index.php?rest_route=%2Fwp%2Fv2%2Ftags&post=220911"}],"curies":[{"name":"wp","href":"https:\/\/api.w.org\/{rel}","templated":true}]}}