{"id":220908,"date":"2024-01-30T18:19:01","date_gmt":"2024-01-30T21:19:01","guid":{"rendered":"https:\/\/diarioregionaldigital.com.br\/?p=220908"},"modified":"2024-01-30T18:19:01","modified_gmt":"2024-01-30T21:19:01","slug":"juiz-de-fora-gerou-mais-de-3-800-novos-empregos-em-2023","status":"publish","type":"post","link":"https:\/\/diarioregionaldigital.com.br\/?p=220908","title":{"rendered":"Juiz de Fora gerou mais de 3.800 novos empregos em 2023"},"content":{"rendered":"<p>Segundo informa\u00e7\u00f5es do site da Prefeitura de Juiz de Fora (PJF), Juiz de Fora gerou 3.841 postos de trabalho em 2023. O saldo \u00e9 resultado da diferen\u00e7a entre 65.992 admiss\u00f5es e 62.151 desligamentos realizados de janeiro a dezembro, conforme o Cadastro Geral de Empregados e Desempregados (Caged), divulgado nesta ter\u00e7a-feira, 30, pelo Minist\u00e9rio do Trabalho e Emprego (MTE). O valor representa um aumento de 2,83% do estoque total de empregos formais da cidade. Juiz de Fora tem, atualmente, 139.362 v\u00ednculos com carteira assinada, de acordo com o Caged.<\/p>\n<p>O setor com o melhor desempenho no ano foi o de Servi\u00e7os, que apresentou saldo positivo de 2.892, crescimento de 3,81% no estoque do setor; seguido pelo Com\u00e9rcio, com 938 de saldo e alta 2,91% no estoque; Ind\u00fastria, com 247 e 1,3% de alta; e Agropecu\u00e1ria, com 11 e aumento de 1,23%. O \u00fanico setor que apresentou queda no ano foi a Constru\u00e7\u00e3o, com saldo de -247, o que representa -3,31% no estoque do setor.<\/p>\n<p>Em compara\u00e7\u00e3o com o ano de 2022, quando o acumulado foi de 3.670, a cidade gerou 171 postos de trabalho a mais. O mesmo n\u00e3o se verifica para os n\u00fameros de Minas Gerais e Brasil, que apresentaram diminui\u00e7\u00e3o nos saldos positivos. Em 2022, o saldo no estado foi de 177.005; em 2023, 140.836. J\u00e1 no pa\u00eds, o saldo foi de 2.013.261 em 2022 e 1.483.598 em 2023.<\/p>\n<p>Com rela\u00e7\u00e3o aos resultados de dezembro de 2023, os desligamentos superaram as admiss\u00f5es em 446 postos em Juiz de Fora, resultado j\u00e1 esperado para o per\u00edodo, ap\u00f3s a expans\u00e3o das vagas que antecedem o Natal. O mesmo aconteceu com os valores de Minas Gerais (-46.510) e Brasil (-430.159).\u00a0Em compara\u00e7\u00e3o com dezembro de 2022, 2021 e 2020, quando os saldos foram -1.140, -503 e -622, respectivamente, este foi o melhor resultado para o m\u00eas desde o in\u00edcio da s\u00e9rie hist\u00f3rica.<\/p>\n<p>Para o secret\u00e1rio de Desenvolvimento Sustent\u00e1vel e Inclusivo, da Inova\u00e7\u00e3o e Competitividade, Ignacio Delgado, \u201co bom resultado deve-se ao clima de otimismo existente na cidade, que tem se revelado cada vez mais um lugar bom para se viver e visitar, com in\u00fameras iniciativas que qualificam seu espa\u00e7o urbano, contribui\u00a0 tamb\u00e9m para o desempenho positivo das atividades que j\u00e1 t\u00eam relev\u00e2ncia na economia de Juiz de Fora\u201d.<\/p>\n<p>Entre as iniciativas da Prefeitura para a cria\u00e7\u00e3o de novos postos de trabalho, o secret\u00e1rio destaca o programa &#8220;GerA\u00c7\u00c3O JF: Emprego, Renda e Neg\u00f3cios&#8221;, que inclui o painel de oportunidades \u201cVagou JF\u201d, mutir\u00f5es de emprego e qualifica\u00e7\u00e3o profissional.<br \/>\nDe acordo com balan\u00e7o da Sedic, em 2023, os projetos contribu\u00edram para a contrata\u00e7\u00e3o de cerca de 1600 pessoas e a qualifica\u00e7\u00e3o profissional de quase 150 pessoas em situa\u00e7\u00e3o de vulnerabilidade social.<\/p>\n<p><a href=\"https:\/\/desenvolvejf.pjf.mg.gov.br\/projetos_e_programas.html#boletim\"><strong>Confira o boletim completo do Mercado de Trabalho no link<\/strong><\/a><\/p>\n","protected":false},"excerpt":{"rendered":"<p>Segundo informa\u00e7\u00f5es do site da Prefeitura de Juiz de Fora (PJF), Juiz de Fora gerou 3.841 postos de trabalho em 2023. O saldo \u00e9 resultado da diferen\u00e7a entre 65.992 admiss\u00f5es e 62.151 desligamentos realizados de janeiro a dezembro, conforme o Cadastro Geral de Empregados e Desempregados (Caged), divulgado nesta ter\u00e7a-feira, 30, pelo Minist\u00e9rio do Trabalho [&hellip;]<\/p>\n","protected":false},"author":246,"featured_media":220909,"comment_status":"closed","ping_status":"closed","sticky":false,"template":"","format":"standard","meta":{"footnotes":""},"categories":[253,436,440,439],"tags":[],"class_list":["post-220908","post","type-post","status-publish","format-standard","has-post-thumbnail","hentry","category-cidade","category-destaque-da-semana","category-destaques-do-dia","category-ultima-hora"],"_links":{"self":[{"href":"https:\/\/diarioregionaldigital.com.br\/index.php?rest_route=\/wp\/v2\/posts\/220908","targetHints":{"allow":["GET"]}}],"collection":[{"href":"https:\/\/diarioregionaldigital.com.br\/index.php?rest_route=\/wp\/v2\/posts"}],"about":[{"href":"https:\/\/diarioregionaldigital.com.br\/index.php?rest_route=\/wp\/v2\/types\/post"}],"author":[{"embeddable":true,"href":"https:\/\/diarioregionaldigital.com.br\/index.php?rest_route=\/wp\/v2\/users\/246"}],"replies":[{"embeddable":true,"href":"https:\/\/diarioregionaldigital.com.br\/index.php?rest_route=%2Fwp%2Fv2%2Fcomments&post=220908"}],"version-history":[{"count":1,"href":"https:\/\/diarioregionaldigital.com.br\/index.php?rest_route=\/wp\/v2\/posts\/220908\/revisions"}],"predecessor-version":[{"id":220910,"href":"https:\/\/diarioregionaldigital.com.br\/index.php?rest_route=\/wp\/v2\/posts\/220908\/revisions\/220910"}],"wp:featuredmedia":[{"embeddable":true,"href":"https:\/\/diarioregionaldigital.com.br\/index.php?rest_route=\/wp\/v2\/media\/220909"}],"wp:attachment":[{"href":"https:\/\/diarioregionaldigital.com.br\/index.php?rest_route=%2Fwp%2Fv2%2Fmedia&parent=220908"}],"wp:term":[{"taxonomy":"category","embeddable":true,"href":"https:\/\/diarioregionaldigital.com.br\/index.php?rest_route=%2Fwp%2Fv2%2Fcategories&post=220908"},{"taxonomy":"post_tag","embeddable":true,"href":"https:\/\/diarioregionaldigital.com.br\/index.php?rest_route=%2Fwp%2Fv2%2Ftags&post=220908"}],"curies":[{"name":"wp","href":"https:\/\/api.w.org\/{rel}","templated":true}]}}