{"id":220905,"date":"2024-01-30T18:17:03","date_gmt":"2024-01-30T21:17:03","guid":{"rendered":"https:\/\/diarioregionaldigital.com.br\/?p=220905"},"modified":"2024-01-30T18:17:03","modified_gmt":"2024-01-30T21:17:03","slug":"apos-bronze-inedito-zion-sonha-com-jogos-de-inverno-de-2026-na-italia","status":"publish","type":"post","link":"https:\/\/diarioregionaldigital.com.br\/?p=220905","title":{"rendered":"Ap\u00f3s bronze in\u00e9dito, Zion sonha com Jogos de Inverno de 2026 na It\u00e1lia"},"content":{"rendered":"<p>O catarinense Zion Beth\u00f4nico, de 18 anos, pode dizer que conseguiu, ainda muito jovem, algo que nenhum brasileiro havia alcan\u00e7ado ainda. No dia 20 de janeiro &#8211; quando ele ainda tinha 17, j\u00e1 que fez anivers\u00e1rio no \u00faltimo domingo (28) &#8211;\u00a0<a href=\"https:\/\/agenciabrasil.ebc.com.br\/esportes\/noticia\/2024-01\/zion-ganha-medalha-inedita-em-jogos-olimpicos-de-inverno\"><strong>ele conquistou o bronze no\u00a0<em>snowboard cross<\/em>\u00a0nos Jogos Ol\u00edmpicos de Inverno da Juventude,<\/strong><\/a>\u00a0em Gangwon (Coreia do Sul), se tornando o primeiro atleta do pa\u00eds a subir ao p\u00f3dio em uma Olimp\u00edada de Inverno &#8211; seja entre jovens ou adultos &#8211; na hist\u00f3ria. De volta ao Brasil, ele visitou as instala\u00e7\u00f5es do Centro de Treinamento do COB, no Rio de Janeiro, nesta ter\u00e7a (30) e contou que foi pego de surpresa ao saber do ineditismo do feito.<img decoding=\"async\" src=\"https:\/\/agenciabrasil.ebc.com.br\/ebc.png?id=1578572&amp;o=node\" \/><img decoding=\"async\" src=\"https:\/\/agenciabrasil.ebc.com.br\/ebc.gif?id=1578572&amp;o=node\" \/><\/p>\n<blockquote><p>&#8220;Contaram para mim na linha de chegada. Ainda estava decepcionado que n\u00e3o havia conseguido o ouro. Ao final da descida, o pessoal do time Brasil me recebeu com tantos gritos que fiquei impressionado. Pensei comigo: &#8216;realmente fiz algo de se honrar&#8221;, disse o catarinense \u00e0 Ag\u00eancia Brasil.<\/p><\/blockquote>\n<p>J\u00e1 ciente da repercuss\u00e3o de sua conquista, o menino, que retornou ao pa\u00eds no \u00faltimo dia 25, tem passado os \u00faltimos dias descansando e contando sua hist\u00f3ria, alvo de curiosidade para um p\u00fablico pouco acostumado a acompanhar esportes disputados abaixo de zero grau. Zion revelou como se prepara ao longo do ano para competir.<\/p>\n<blockquote><p>&#8220;No Brasil, eu s\u00f3 fa\u00e7o a parte da prepara\u00e7\u00e3o f\u00edsica. Eu passo mais da metade do ano fora e em competi\u00e7\u00f5es na Am\u00e9rica do Sul, Am\u00e9rica do Norte, Estados Unidos, Canad\u00e1. E de outubro at\u00e9 dezembro eu passo na Europa. Eu fico indo de competi\u00e7\u00e3o em competi\u00e7\u00e3o e tentando ganhar o m\u00e1ximo de experi\u00eancia em corrida. J\u00e1 me acostumei. Estou h\u00e1 muitos anos fazendo isso e \u00e9 uma rotina que eu gosto. Eu prefiro o frio ao calor, talvez (risos)&#8221;, dispara.<\/p><\/blockquote>\n<p>A prefer\u00eancia fica ainda mais clara quando ele revela que Snowmass Village, cidade no estado norte-americano do Colorado, \u00e9 o lugar preferido dele no mundo inteiro. Zion p\u00f4de estudar e treinar no local por dois anos quando era menor.<\/p>\n<p>No ambiente familiar, ele encontrou a maior inspira\u00e7\u00e3o: o irm\u00e3o Noah, que tamb\u00e9m participou dos Jogos Ol\u00edmpicos de Inverno da Juventude no\u00a0<em>snowboard cross,<\/em>\u00a0mas na edi\u00e7\u00e3o de 2020, em Lausanne, na Su\u00ed\u00e7a.<\/p>\n<blockquote><p>&#8220;Estamos juntos desde pequenos e ele sempre esteve um passo \u00e0 frente. Ent\u00e3o estou sempre correndo atr\u00e1s dele e ele dando o m\u00e1ximo para n\u00e3o deixar eu alcan\u00e7\u00e1-lo. A gente se puxa para frente, com certeza&#8221;, opina Zion.<\/p><\/blockquote>\n<h2>Agora atleta adulto, Zion tem desafios pela frente<\/h2>\n<p>Durante a visita ao CT do COB, Zion conversou brevemente com o presidente da entidade, Paulo Wanderley Teixeira, que considerou o resultado na Coreia do Sul o primeiro passo para uma evolu\u00e7\u00e3o do Brasil nos esportes de inverno.<\/p>\n<blockquote><p>&#8220;Ainda \u00e9 preciso muita paci\u00eancia e perseveran\u00e7a, principalmente. Mas o caminho est\u00e1 aberto. O comit\u00ea vem dando suporte \u00e0s duas confedera\u00e7\u00f5es, tanto a de neve quanto a de gelo. E elas t\u00eam aproveitado esses projetos espec\u00edficos de apoio \u00e0s modalidades de inverno&#8221;, disse o dirigente.<\/p><\/blockquote>\n<div class=\"dnd-widget-wrapper context-cheio_8colunas type-image\">\n<div class=\"dnd-atom-rendered\">\n<div class=\"shadow overflow-hidden rounded-lg d-block w-100\"><img decoding=\"async\" class=\"flex-fill img-cover\" title=\"Rafael Bello\/COB\/Direitos Reservados\" src=\"https:\/\/imagens.ebc.com.br\/w8ypYN3QKGgnprxGIWX5Rb0g1pc=\/754x0\/smart\/https:\/\/agenciabrasil.ebc.com.br\/sites\/default\/files\/thumbnails\/image\/zion_dirigentes_cob.jpeg?itok=_IpTexQo\" alt=\"Carlos Eduardo Barros (vice-presidente da Confedera\u00e7\u00e3o Brasileira de Desportos na Neve, CBDN), Camila da Cunha Pereira (m\u00e3e do Zion), Zion e Paulo Wanderley Teixeira (presidente do COB) - Zion em visita ao COB em 30\/01\/2024\" \/><\/div>\n<\/div>\n<div class=\"dnd-caption-wrapper\">\n<div class=\"meta\">Na foto est\u00e3o Carlos Eduardo Barros (vice-presidente da Confedera\u00e7\u00e3o Brasileira de Desportos na Neve-\u00a0CBDN), Camila da Cunha Pereira ao lado do filho Zion, e\u00a0Paulo Wanderley Teixeira (presidente do COB) &#8211; Zion em visita ao COB em 30\/01\/2024 &#8211;\u00a0<strong>Rafael Bello\/COB\/Direitos Reservados<\/strong><\/div>\n<\/div>\n<\/div>\n<p>Como ultrapassou o recorte de idade para participar de competi\u00e7\u00f5es como atleta da juventude, Zion agora ter\u00e1 que encarar a categoria adulta. Ir aos Jogos Ol\u00edmpicos de Inverno em 2026, nas cidades italianas de Mil\u00e3o e Cortina D&#8217;Ampezzo, passou a ser o seu grande objetivo. Curiosamente, enquanto realizava o passeio organizado pelo COB, o jovem encontrou outra atleta brasileira de carreira destacada nos esportes na neve.<\/p>\n<p>Jaqueline Mour\u00e3o, de 48 anos, fez hist\u00f3ria como a primeira brasileira a participar de Olimp\u00edadas de ver\u00e3o como de inverno. Em 2022, ela se tornou a\u00a0<a href=\"https:\/\/agenciabrasil.ebc.com.br\/esportes\/noticia\/2022-02\/jaqueline-mourao-estreia-em-pequim-e-se-torna-recordista-olimpica\"><strong>atleta do pa\u00eds com mais edi\u00e7\u00f5es ol\u00edmpicas no curr\u00edculo:<\/strong><\/a>\u00a0oito, sendo cinco de inverno (onde compete no\u00a0<em>esqui cross country<\/em>) e tr\u00eas de ver\u00e3o (no ciclismo\u00a0<em>mountain bike<\/em>). Ela estava participando de um curso no local e falou sobre a alegria pela conquista de Zion, compartilhada com outros atletas brasileiros.<\/p>\n<div class=\"dnd-widget-wrapper context-cheio_8colunas type-image\">\n<div class=\"dnd-atom-rendered\">\n<div class=\"shadow overflow-hidden rounded-lg d-block w-100\"><img decoding=\"async\" class=\"flex-fill img-cover\" title=\"Rafael Bello\/COB\/Direitos Reservados\" src=\"https:\/\/imagens.ebc.com.br\/tU6GMpqqGzDJ9ftE-f1iVtxzqio=\/754x0\/smart\/https:\/\/agenciabrasil.ebc.com.br\/sites\/default\/files\/thumbnails\/image\/jaqueline_mourao_e_zion_visita_ao_cob.jpeg?itok=wU4Tt9tc\" alt=\"Jaqueline Mour\u00e3o e Zion (bronze em Gangwon 2024) - visita ao COB, em 30\/01\/2024\" \/><\/div>\n<\/div>\n<div class=\"dnd-caption-wrapper\">\n<div class=\"meta\">Durante visita ao CT do COB, Jaqueline Mour\u00e3o n\u00e3o poupou elogios a Zion. &#8220;&#8221;Foi um resultado incr\u00edvel para todos os amantes dos esportes da neve no Brasil&#8221;, afirmou a veterana, que soma oito participa\u00e7\u00f5es em Ol\u00edmpiadas-\u00a0<strong>Rafael Bello\/COB\/Direitos Reservados<\/strong><\/div>\n<\/div>\n<\/div>\n<blockquote><p>&#8220;Foi um resultado incr\u00edvel para todos os amantes dos esportes da neve no Brasil. Falei para ele: voc\u00ea realizou o meu sonho. O sonho de todos os apaixonados de ver o Brasil realmente participando do esporte e conseguindo a sua excel\u00eancia. Ele tem que continuar a carreira dele, tem ainda v\u00e1rias etapas para desenvolver e que essa medalha n\u00e3o seja um peso na carreira dele. Que seja s\u00f3 um empurr\u00e3ozinho ali para que ele conquiste os sonhos dele&#8221;, disse Jaqueline.<\/p>\n<p>Fonte: Ag\u00eancia Brasil<\/p><\/blockquote>\n","protected":false},"excerpt":{"rendered":"<p>O catarinense Zion Beth\u00f4nico, de 18 anos, pode dizer que conseguiu, ainda muito jovem, algo que nenhum brasileiro havia alcan\u00e7ado ainda. No dia 20 de janeiro &#8211; quando ele ainda tinha 17, j\u00e1 que fez anivers\u00e1rio no \u00faltimo domingo (28) &#8211;\u00a0ele conquistou o bronze no\u00a0snowboard cross\u00a0nos Jogos Ol\u00edmpicos de Inverno da Juventude,\u00a0em Gangwon (Coreia do [&hellip;]<\/p>\n","protected":false},"author":246,"featured_media":220906,"comment_status":"closed","ping_status":"closed","sticky":false,"template":"","format":"standard","meta":{"footnotes":""},"categories":[436,440,257,439],"tags":[],"class_list":["post-220905","post","type-post","status-publish","format-standard","has-post-thumbnail","hentry","category-destaque-da-semana","category-destaques-do-dia","category-esporte","category-ultima-hora"],"_links":{"self":[{"href":"https:\/\/diarioregionaldigital.com.br\/index.php?rest_route=\/wp\/v2\/posts\/220905","targetHints":{"allow":["GET"]}}],"collection":[{"href":"https:\/\/diarioregionaldigital.com.br\/index.php?rest_route=\/wp\/v2\/posts"}],"about":[{"href":"https:\/\/diarioregionaldigital.com.br\/index.php?rest_route=\/wp\/v2\/types\/post"}],"author":[{"embeddable":true,"href":"https:\/\/diarioregionaldigital.com.br\/index.php?rest_route=\/wp\/v2\/users\/246"}],"replies":[{"embeddable":true,"href":"https:\/\/diarioregionaldigital.com.br\/index.php?rest_route=%2Fwp%2Fv2%2Fcomments&post=220905"}],"version-history":[{"count":1,"href":"https:\/\/diarioregionaldigital.com.br\/index.php?rest_route=\/wp\/v2\/posts\/220905\/revisions"}],"predecessor-version":[{"id":220907,"href":"https:\/\/diarioregionaldigital.com.br\/index.php?rest_route=\/wp\/v2\/posts\/220905\/revisions\/220907"}],"wp:featuredmedia":[{"embeddable":true,"href":"https:\/\/diarioregionaldigital.com.br\/index.php?rest_route=\/wp\/v2\/media\/220906"}],"wp:attachment":[{"href":"https:\/\/diarioregionaldigital.com.br\/index.php?rest_route=%2Fwp%2Fv2%2Fmedia&parent=220905"}],"wp:term":[{"taxonomy":"category","embeddable":true,"href":"https:\/\/diarioregionaldigital.com.br\/index.php?rest_route=%2Fwp%2Fv2%2Fcategories&post=220905"},{"taxonomy":"post_tag","embeddable":true,"href":"https:\/\/diarioregionaldigital.com.br\/index.php?rest_route=%2Fwp%2Fv2%2Ftags&post=220905"}],"curies":[{"name":"wp","href":"https:\/\/api.w.org\/{rel}","templated":true}]}}