{"id":220897,"date":"2024-01-29T20:26:02","date_gmt":"2024-01-29T23:26:02","guid":{"rendered":"https:\/\/diarioregionaldigital.com.br\/?p=220897"},"modified":"2024-01-29T20:26:02","modified_gmt":"2024-01-29T23:26:02","slug":"aviso-de-dispensa-presencial-no-002-2024-30-01-2024","status":"publish","type":"post","link":"https:\/\/diarioregionaldigital.com.br\/?p=220897","title":{"rendered":"AVISO DE DISPENSA PRESENCIAL N\u00ba 002\/2024 &#8211; 30\/01\/2024"},"content":{"rendered":"<p style=\"text-align: center;\"><strong>\u00a0<\/strong><\/p>\n<p style=\"text-align: center;\"><strong>PROCESSO N\u00ba 008\/2024<\/strong><\/p>\n<p style=\"text-align: center;\"><strong>AVISO DE DISPENSA PRESENCIAL N\u00ba 002\/2024<\/strong><\/p>\n<p style=\"text-align: center;\"><strong>\u00a0<\/strong><\/p>\n<p style=\"text-align: center;\"><strong>\u00a0<\/strong><\/p>\n<p style=\"text-align: center;\"><strong>CONTRATANTE: <\/strong>Munic\u00edpio de Descoberto \u2013 MG.<\/p>\n<p style=\"text-align: center;\"><strong>\u00a0<\/strong><\/p>\n<ul style=\"text-align: center;\">\n<li>OBJETO: <em>A presente Licita\u00e7\u00e3o tem por objeto a contrata\u00e7\u00e3o de empresa para a presta\u00e7\u00e3o de servi\u00e7os de venda de abad\u00e1s para atender as necessidades do Munic\u00edpio de Descoberto-MG.<\/em><\/li>\n<\/ul>\n<p style=\"text-align: center;\"><strong>\u00a0<\/strong><\/p>\n<p style=\"text-align: center;\">\n<p style=\"text-align: center;\"><strong>VALOR TOTAL ESTIMADO DA CONTRATA\u00c7\u00c3O: <\/strong>R$ 11.480,00 (onze mil, quatrocentos e oitenta \u00a0reais).<\/p>\n<p style=\"text-align: center;\">\n<p style=\"text-align: center;\"><strong>DATA DE ENTREGA DAS PROPOSTAS: <\/strong>02\/01\/2024 \u2013 10 h<\/p>\n<p style=\"text-align: center;\">\n<p style=\"text-align: center;\"><strong>DATA DA SESS\u00c3O DE LANCES: <\/strong>02\/01\/2014 \u2013 10h<\/p>\n<p style=\"text-align: center;\"><strong>\u00a0<\/strong><\/p>\n<p style=\"text-align: center;\"><strong>LOCAL DA ENTREGA DAS PROPOSTAS E DA SESS\u00c3O DE LANCES: <\/strong>Sala de Licita\u00e7\u00f5es da Prefeitura, estabelecida na rua Capit\u00e3o Bas\u00edlio, n\u00ba 39 \u2013 Centro, Descoberto-MG.<\/p>\n<p style=\"text-align: center;\"><strong>\u00a0<\/strong><\/p>\n<p style=\"text-align: center;\"><strong>LINK PARA ACESSO AO AVISO DE CONTRATA\u00c7\u00c3O: <\/strong>http:\/\/www.descoberto.mg.gov.br\/<\/p>\n<p style=\"text-align: center;\"><strong>\u00a0<\/strong><\/p>\n<p style=\"text-align: center;\"><strong>PREFER\u00caNCIA ME\/EPP\/EQUIPARADAS: <\/strong>SIM<\/p>\n<p style=\"text-align: center;\">\n<p style=\"text-align: center;\">Descoberto, 29 de Janeiro de 2024.<\/p>\n<p style=\"text-align: center;\"><strong>Marcos de Ara\u00fajo Lima <\/strong><\/p>\n<p style=\"text-align: center;\">Prefeito Municipal<\/p>\n","protected":false},"excerpt":{"rendered":"<p>\u00a0 PROCESSO N\u00ba 008\/2024 AVISO DE DISPENSA PRESENCIAL N\u00ba 002\/2024 \u00a0 \u00a0 CONTRATANTE: Munic\u00edpio de Descoberto \u2013 MG. \u00a0 OBJETO: A presente Licita\u00e7\u00e3o tem por objeto a contrata\u00e7\u00e3o de empresa para a presta\u00e7\u00e3o de servi\u00e7os de venda de abad\u00e1s para atender as necessidades do Munic\u00edpio de Descoberto-MG. \u00a0 VALOR TOTAL ESTIMADO DA CONTRATA\u00c7\u00c3O: R$ 11.480,00 [&hellip;]<\/p>\n","protected":false},"author":246,"featured_media":0,"comment_status":"closed","ping_status":"closed","sticky":false,"template":"","format":"standard","meta":{"footnotes":""},"categories":[307],"tags":[],"class_list":["post-220897","post","type-post","status-publish","format-standard","hentry","category-editais"],"_links":{"self":[{"href":"https:\/\/diarioregionaldigital.com.br\/index.php?rest_route=\/wp\/v2\/posts\/220897","targetHints":{"allow":["GET"]}}],"collection":[{"href":"https:\/\/diarioregionaldigital.com.br\/index.php?rest_route=\/wp\/v2\/posts"}],"about":[{"href":"https:\/\/diarioregionaldigital.com.br\/index.php?rest_route=\/wp\/v2\/types\/post"}],"author":[{"embeddable":true,"href":"https:\/\/diarioregionaldigital.com.br\/index.php?rest_route=\/wp\/v2\/users\/246"}],"replies":[{"embeddable":true,"href":"https:\/\/diarioregionaldigital.com.br\/index.php?rest_route=%2Fwp%2Fv2%2Fcomments&post=220897"}],"version-history":[{"count":1,"href":"https:\/\/diarioregionaldigital.com.br\/index.php?rest_route=\/wp\/v2\/posts\/220897\/revisions"}],"predecessor-version":[{"id":220898,"href":"https:\/\/diarioregionaldigital.com.br\/index.php?rest_route=\/wp\/v2\/posts\/220897\/revisions\/220898"}],"wp:attachment":[{"href":"https:\/\/diarioregionaldigital.com.br\/index.php?rest_route=%2Fwp%2Fv2%2Fmedia&parent=220897"}],"wp:term":[{"taxonomy":"category","embeddable":true,"href":"https:\/\/diarioregionaldigital.com.br\/index.php?rest_route=%2Fwp%2Fv2%2Fcategories&post=220897"},{"taxonomy":"post_tag","embeddable":true,"href":"https:\/\/diarioregionaldigital.com.br\/index.php?rest_route=%2Fwp%2Fv2%2Ftags&post=220897"}],"curies":[{"name":"wp","href":"https:\/\/api.w.org\/{rel}","templated":true}]}}