{"id":220875,"date":"2024-01-26T18:46:43","date_gmt":"2024-01-26T21:46:43","guid":{"rendered":"https:\/\/diarioregionaldigital.com.br\/?p=220875"},"modified":"2024-01-26T18:46:43","modified_gmt":"2024-01-26T21:46:43","slug":"populacao-ja-busca-por-servicos-de-autonomos-e-meis-no-achei-jf","status":"publish","type":"post","link":"https:\/\/diarioregionaldigital.com.br\/?p=220875","title":{"rendered":"Popula\u00e7\u00e3o j\u00e1 busca por servi\u00e7os de aut\u00f4nomos e MEIs no Achei JF"},"content":{"rendered":"<p>Segundo informa\u00e7\u00f5es do site da Prefeitura de Juiz de Fora (PJF), o Achei JF, aplicativo para aut\u00f4nomos, microempreendedores individuais (MEIs) e integrantes de cooperativas lan\u00e7ado pela Prefeitura de Juiz de Fora (PJF), fechou a primeira semana de funcionamento com mais de 1.750 usu\u00e1rios. Entre os profissionais cadastrados, a maior oferta de servi\u00e7os \u00e9 de Eletricistas, com 51. Em seguida, vem Consultores especializados (35); Pintores (32); Pedreiros (27); Empreiteiros (27) e Diaristas (24).<\/p>\n<div>\nA plataforma conta com centenas de categorias dispon\u00edveis para cadastro. Em uma semana, mais de 160 solicita\u00e7\u00f5es de servi\u00e7os foram feitas atrav\u00e9s do novo servi\u00e7o da Prefeitura. Os principais profissionais solicitados foram: Eletricista (18); Diarista (14) Montador de M\u00f3veis (12) e Contador (11).<\/div>\n<div>\nNo Achei JF, os usu\u00e1rios podem solicitar or\u00e7amentos, entrar em contato com os prestadores de servi\u00e7o, al\u00e9m de avaliar o trabalho dos profissionais. J\u00e1 os prestadores podem se apresentar aos potenciais clientes, incluir fotos de servi\u00e7os realizados, enviar or\u00e7amentos, criar cart\u00e3o de visitas e fechar neg\u00f3cios.<\/p>\n<p>Para utilizar o servi\u00e7o, os contratantes devem baixar o aplicativo \u201cAchei JF\u201d nas lojas Android ou iOS. J\u00e1 os profissionais devem baixar o app \u201cAchei JF \u2013 Prestadores\u201d e enviar os documentos solicitados: uma foto (ou selfie), comprovante de resid\u00eancia e identidade.<\/p>\n<p>D\u00favidas e informa\u00e7\u00f5es pelo telefone 2104-8572, ou e-mail\u00a0<strong>acheijf@gmail.com<\/strong><\/div>\n","protected":false},"excerpt":{"rendered":"<p>Segundo informa\u00e7\u00f5es do site da Prefeitura de Juiz de Fora (PJF), o Achei JF, aplicativo para aut\u00f4nomos, microempreendedores individuais (MEIs) e integrantes de cooperativas lan\u00e7ado pela Prefeitura de Juiz de Fora (PJF), fechou a primeira semana de funcionamento com mais de 1.750 usu\u00e1rios. Entre os profissionais cadastrados, a maior oferta de servi\u00e7os \u00e9 de Eletricistas, [&hellip;]<\/p>\n","protected":false},"author":246,"featured_media":220876,"comment_status":"closed","ping_status":"closed","sticky":false,"template":"","format":"standard","meta":{"footnotes":""},"categories":[253,436,439],"tags":[],"class_list":["post-220875","post","type-post","status-publish","format-standard","has-post-thumbnail","hentry","category-cidade","category-destaque-da-semana","category-ultima-hora"],"_links":{"self":[{"href":"https:\/\/diarioregionaldigital.com.br\/index.php?rest_route=\/wp\/v2\/posts\/220875","targetHints":{"allow":["GET"]}}],"collection":[{"href":"https:\/\/diarioregionaldigital.com.br\/index.php?rest_route=\/wp\/v2\/posts"}],"about":[{"href":"https:\/\/diarioregionaldigital.com.br\/index.php?rest_route=\/wp\/v2\/types\/post"}],"author":[{"embeddable":true,"href":"https:\/\/diarioregionaldigital.com.br\/index.php?rest_route=\/wp\/v2\/users\/246"}],"replies":[{"embeddable":true,"href":"https:\/\/diarioregionaldigital.com.br\/index.php?rest_route=%2Fwp%2Fv2%2Fcomments&post=220875"}],"version-history":[{"count":1,"href":"https:\/\/diarioregionaldigital.com.br\/index.php?rest_route=\/wp\/v2\/posts\/220875\/revisions"}],"predecessor-version":[{"id":220877,"href":"https:\/\/diarioregionaldigital.com.br\/index.php?rest_route=\/wp\/v2\/posts\/220875\/revisions\/220877"}],"wp:featuredmedia":[{"embeddable":true,"href":"https:\/\/diarioregionaldigital.com.br\/index.php?rest_route=\/wp\/v2\/media\/220876"}],"wp:attachment":[{"href":"https:\/\/diarioregionaldigital.com.br\/index.php?rest_route=%2Fwp%2Fv2%2Fmedia&parent=220875"}],"wp:term":[{"taxonomy":"category","embeddable":true,"href":"https:\/\/diarioregionaldigital.com.br\/index.php?rest_route=%2Fwp%2Fv2%2Fcategories&post=220875"},{"taxonomy":"post_tag","embeddable":true,"href":"https:\/\/diarioregionaldigital.com.br\/index.php?rest_route=%2Fwp%2Fv2%2Ftags&post=220875"}],"curies":[{"name":"wp","href":"https:\/\/api.w.org\/{rel}","templated":true}]}}