{"id":220868,"date":"2024-01-26T18:43:15","date_gmt":"2024-01-26T21:43:15","guid":{"rendered":"https:\/\/diarioregionaldigital.com.br\/?p=220868"},"modified":"2024-01-26T19:02:49","modified_gmt":"2024-01-26T22:02:49","slug":"prefeitura-atende-a-31-bairros-com-os-servicos-de-limpeza-e-poda-de-grama-nesta-semana","status":"publish","type":"post","link":"https:\/\/diarioregionaldigital.com.br\/?p=220868","title":{"rendered":"Prefeitura atende a 31 bairros com os servi\u00e7os de limpeza e poda de grama nesta semana"},"content":{"rendered":"<p>Segundo informa\u00e7\u00f5es do site da Prefeitura de Juiz de Fora (PJF), a PJF segue cuidando dos espa\u00e7os de lazer e \u00e1reas verdes da cidade. Entre segunda-feira, 22, e esta sexta-feira, 26, as equipes da Empresa Municipal de Pavimenta\u00e7\u00e3o e Urbanidades (Empav) atenderam a 46 locais, entre pra\u00e7as, trevos e canteiros, com os servi\u00e7os de limpeza e poda de grama em 31 bairros do munic\u00edpio.<\/p>\n<p>Entre os lugares atendidos, destaque para as pra\u00e7as da Esta\u00e7\u00e3o, no Centro, Armando Toschi Ministrinho, no Jardim Gl\u00f3ria, Rosa Cabinda, no Vitorino Braga, Duque de Caxias, em Benfica, e Sebasti\u00e3o Prefeito Filho, na Cidade do Sol.<\/p>\n<p><strong>Confira a lista completa de bairros atendidos:<\/strong><\/p>\n<p>Aeroporto<\/p>\n<p>Ara\u00fajo<\/p>\n<p>Barbosa Lage<\/p>\n<p>Benfica<\/p>\n<p>Cai\u00e7aras<\/p>\n<p>Centro<\/p>\n<p>Cidade do\u00a0 Sol<\/p>\n<p>Distrito de Sarandira<\/p>\n<p>Distrito de Valadares<\/p>\n<p>Graja\u00fa<\/p>\n<p>Grama<\/p>\n<p>Humait\u00e1<\/p>\n<p>Ipiranga<\/p>\n<p>Jardim Gl\u00f3ria<\/p>\n<p>J\u00f3quei Clube II<\/p>\n<p>Ladeira<\/p>\n<p>Miguel Marinho<\/p>\n<p>Nossa Sr\u00aa Aparecida<\/p>\n<p>Nova Benfica<\/p>\n<p>Nova Era II<\/p>\n<p>Parque Das Torres<\/p>\n<p>Parque Independ\u00eancia<\/p>\n<p>Paula Lima<\/p>\n<p>Santa Helena<\/p>\n<p>Santa Terezinha<\/p>\n<p>S\u00e3o Judas Tadeu<\/p>\n<p>S\u00e3o Pedro<\/p>\n<p>Vale Verde<\/p>\n<p>Vila Esperan\u00e7a I<\/p>\n<p>Vila Ideal<\/p>\n<p>Vitorino Braga<\/p>\n<p>Al\u00e9m das pra\u00e7as, a Empav atuou tamb\u00e9m nos canteiros de alguns bairros do munic\u00edpio. Alguns deles s\u00e3o: os canteiros dos bairros Ladeira, Nova Benfica, Parque das Torres, S\u00e3o Pedro e Vila Ideal.<\/p>\n<p>Os trabalhos seguem em andamento na cidade e a programa\u00e7\u00e3o di\u00e1ria completa pode ser conferida na p\u00e1gina do Gabinete de A\u00e7\u00e3o e Di\u00e1logo Comunit\u00e1rio atrav\u00e9s do<a href=\"https:\/\/www.pjf.mg.gov.br\/gabinetecomunitario\/#onde\" target=\"_blank\" rel=\"noopener\">\u00a0<strong>link<\/strong><\/a>. Para solicitar servi\u00e7os de zeladoria em vias p\u00fablicas, como tapa-buracos, poda e corte de \u00e1rvores, limpeza de pra\u00e7as, trocas de l\u00e2mpada e outros, entre em contato com o Gabinete de A\u00e7\u00e3o e Di\u00e1logo Comunit\u00e1rio, atrav\u00e9s do telefone (32) 3690-7241 (liga\u00e7\u00e3o ou WhatsApp).<\/p>\n","protected":false},"excerpt":{"rendered":"<p>Segundo informa\u00e7\u00f5es do site da Prefeitura de Juiz de Fora (PJF), a PJF segue cuidando dos espa\u00e7os de lazer e \u00e1reas verdes da cidade. Entre segunda-feira, 22, e esta sexta-feira, 26, as equipes da Empresa Municipal de Pavimenta\u00e7\u00e3o e Urbanidades (Empav) atenderam a 46 locais, entre pra\u00e7as, trevos e canteiros, com os servi\u00e7os de limpeza [&hellip;]<\/p>\n","protected":false},"author":246,"featured_media":220869,"comment_status":"closed","ping_status":"closed","sticky":false,"template":"","format":"standard","meta":{"footnotes":""},"categories":[253,436,439],"tags":[],"class_list":["post-220868","post","type-post","status-publish","format-standard","has-post-thumbnail","hentry","category-cidade","category-destaque-da-semana","category-ultima-hora"],"_links":{"self":[{"href":"https:\/\/diarioregionaldigital.com.br\/index.php?rest_route=\/wp\/v2\/posts\/220868","targetHints":{"allow":["GET"]}}],"collection":[{"href":"https:\/\/diarioregionaldigital.com.br\/index.php?rest_route=\/wp\/v2\/posts"}],"about":[{"href":"https:\/\/diarioregionaldigital.com.br\/index.php?rest_route=\/wp\/v2\/types\/post"}],"author":[{"embeddable":true,"href":"https:\/\/diarioregionaldigital.com.br\/index.php?rest_route=\/wp\/v2\/users\/246"}],"replies":[{"embeddable":true,"href":"https:\/\/diarioregionaldigital.com.br\/index.php?rest_route=%2Fwp%2Fv2%2Fcomments&post=220868"}],"version-history":[{"count":1,"href":"https:\/\/diarioregionaldigital.com.br\/index.php?rest_route=\/wp\/v2\/posts\/220868\/revisions"}],"predecessor-version":[{"id":220870,"href":"https:\/\/diarioregionaldigital.com.br\/index.php?rest_route=\/wp\/v2\/posts\/220868\/revisions\/220870"}],"wp:featuredmedia":[{"embeddable":true,"href":"https:\/\/diarioregionaldigital.com.br\/index.php?rest_route=\/wp\/v2\/media\/220869"}],"wp:attachment":[{"href":"https:\/\/diarioregionaldigital.com.br\/index.php?rest_route=%2Fwp%2Fv2%2Fmedia&parent=220868"}],"wp:term":[{"taxonomy":"category","embeddable":true,"href":"https:\/\/diarioregionaldigital.com.br\/index.php?rest_route=%2Fwp%2Fv2%2Fcategories&post=220868"},{"taxonomy":"post_tag","embeddable":true,"href":"https:\/\/diarioregionaldigital.com.br\/index.php?rest_route=%2Fwp%2Fv2%2Ftags&post=220868"}],"curies":[{"name":"wp","href":"https:\/\/api.w.org\/{rel}","templated":true}]}}