{"id":220862,"date":"2024-01-26T18:16:33","date_gmt":"2024-01-26T21:16:33","guid":{"rendered":"https:\/\/diarioregionaldigital.com.br\/?p=220862"},"modified":"2024-01-26T18:16:33","modified_gmt":"2024-01-26T21:16:33","slug":"minas-gerais-e-o-estado-que-mais-emitiu-a-nova-carteira-de-identidade-nacional-em-janeiro","status":"publish","type":"post","link":"https:\/\/diarioregionaldigital.com.br\/?p=220862","title":{"rendered":"Minas Gerais \u00e9 o estado que mais emitiu a nova Carteira de Identidade Nacional em janeiro"},"content":{"rendered":"<p>Minas Gerais \u00e9 o estado que mais emitiu a nova Carteira de Identidade Nacional (CIN) neste m\u00eas de janeiro. Desde o in\u00edcio oficial da emiss\u00e3o da CIN, em 27\/12\/2023, at\u00e9 o momento, foram emitidas mais de 130 mil carteiras, sendo 86 mil apenas em janeiro deste ano, nos mais de 400 Postos de Identifica\u00e7\u00e3o da\u00a0<a href=\"https:\/\/www.policiacivil.mg.gov.br\/\" target=\"_blank\" rel=\"noopener\">Pol\u00edcia Civil do Estado de Minas Gerais (PCMG)<\/a>.<\/p>\n<p>Os postos est\u00f5a instalados em prefeituras, c\u00e2maras municipais, delegacias e nas 42 Unidades de Atendimento Integrado (UAIs), coordenadas pela\u00a0<a href=\"https:\/\/www.mg.gov.br\/planejamento\" target=\"_blank\" rel=\"noopener\">Secretaria de Estado e Planejamento e Gest\u00e3o (Seplag-MG)<\/a>.<\/p>\n<p>Os dados da emiss\u00e3o de janeiro de 2024 foram divulgados pelo Minist\u00e9rio da Gest\u00e3o e Inova\u00e7\u00e3o de Servi\u00e7os P\u00fablicos (MGI) nesta semana. A nova identidade \u00e9 confeccionada em modelo \u00fanico e tem validade em todo territ\u00f3rio nacional, adotando o n\u00famero de inscri\u00e7\u00e3o de cadastro de pessoas f\u00edsicas (CPF) como registro geral nacional.<\/p>\n<p>O documento \u00e9 impresso em papel de seguran\u00e7a e passa por verifica\u00e7\u00e3o de dados biom\u00e9tricos e biogr\u00e1ficos na base da Receita Federal e do Tribunal Superior Eleitoral (TSE), trazendo ainda mais seguran\u00e7a ao cidad\u00e3o.<\/p>\n<p>A Carteira de Identidade Nacional conta com as vers\u00f5es impressa &#8211; em Minas Gerais expedida em papel de seguran\u00e7a &#8211; e digital.<\/p>\n<p>O formato digital do documento e a valida\u00e7\u00e3o dos dados do cidad\u00e3o para a emiss\u00e3o da carteira ser\u00e1 feita pelo gov.br. A CIN digital \u00e9 obtida por meio do aplicativo gov.br, ap\u00f3s a expedi\u00e7\u00e3o da carteira f\u00edsica.<\/p>\n<p>Para verificar a autenticidade do documento, a CIN possui um QR Code, que poder\u00e1 ser lido por qualquer cidad\u00e3o e vai permitir checar se a identidade \u00e9 aut\u00eantica.<\/p>\n<p>Conforme previsto na norma vigente, o modelo de identidade expedido nos padr\u00f5es anteriores ao novo formato ter\u00e1 validade pelo prazo de dez anos, contados da data em vigor do Decreto Federal n\u00ba 10.977\/2022, ou seja, at\u00e9 23\/2\/2032.<\/p>\n<p>Portanto, n\u00e3o ser\u00e1 necess\u00e1rio trocar imediatamente a carteira pelo novo modelo, de modo que a transi\u00e7\u00e3o possa ser gradual e cont\u00ednua. A primeira emiss\u00e3o \u00e9 gratuita.<\/p>\n<p>\u201cO titular da carteira poder\u00e1 requerer a inclus\u00e3o de dados de outros documentos na CIN, em sua vers\u00e3o digital, como Carteira Nacional de Habilita\u00e7\u00e3o, t\u00edtulo de eleitor, identidade funcional ou carteira profissional e certificado militar, devendo apresentar ao \u00f3rg\u00e3o expedidor os respectivos documentos de comprova\u00e7\u00e3o\u201d, destaca a delegada da Pol\u00edcia Civil, Danielle Aguiar Carvalho.<\/p>\n<p><strong>Atendimento<\/strong><\/p>\n<p>Os atendimentos para emiss\u00e3o do documento s\u00e3o realizados nos mais de 400 Postos de Identifica\u00e7\u00e3o da Pol\u00edcia Civil e nas 42 UAIs.<\/p>\n<p>Para ser atendido, \u00e9 necess\u00e1rio o agendamento pr\u00e9vio, feito gratuitamente nos canais oficiais do Governo de Minas:\u00a0<a href=\"https:\/\/www.mg.gov.br\/\" target=\"_blank\" rel=\"noopener\">Portal MG<\/a>\u00a0e aplicativo MG App.<\/p>\n<p>Caso n\u00e3o apare\u00e7a o local desejado nesses canais, o cidad\u00e3o dever\u00e1 comparecer diretamente no Posto de Identifica\u00e7\u00e3o de sua localidade.<\/p>\n<p>A Seplag-MG, em parceria com a Pol\u00edcia Civil, est\u00e1 em processo de treinamento de novos atendentes para ampliar ainda mais a capacidade de emiss\u00e3o da CIN nas UAIs nos pr\u00f3ximos meses.<\/p>\n<p>\u201cA partir de fevereiro, as UAIs ampliar\u00e3o, inicialmente, 600 vagas de agendamento por dia, chegando ao n\u00famero total de 6 mil vagas di\u00e1rias\u201d, pontuou o subsecret\u00e1rio de Transforma\u00e7\u00e3o Digital e Atendimento ao Cidad\u00e3o, Rodrigo Diniz.<\/p>\n<p>Segundo o subsecret\u00e1rio, devido ao per\u00edodo de f\u00e9rias escolares, houve um aumento expressivo da demanda de agendamentos para atendimentos nas UAIs.<\/p>\n<p>\u201cNo m\u00eas de novembro de 2023, estavam sendo realizados 3,8 mil atendimentos di\u00e1rios para a emiss\u00e3o do RG. Atualmente, s\u00e3o liberadas, por dia, mais de 5 mil vagas para agendamento nas 42 unidades\u201d.<\/p>\n<p>Em casos de urg\u00eancia comprovada para a emiss\u00e3o do novo RG, o cidad\u00e3o pode encaminhar um &#8220;Fale Conosco&#8221;, dispon\u00edvel\u00a0<a href=\"https:\/\/www.mg.gov.br\/pagina\/fale-conosco\" target=\"_blank\" rel=\"noopener\">neste link<\/a>, com a documenta\u00e7\u00e3o que comprove a urg\u00eancia e o motivo do agendamento.<\/p>\n<p>Fonte: Ag\u00eancia Minas<\/p>\n","protected":false},"excerpt":{"rendered":"<p>Minas Gerais \u00e9 o estado que mais emitiu a nova Carteira de Identidade Nacional (CIN) neste m\u00eas de janeiro. Desde o in\u00edcio oficial da emiss\u00e3o da CIN, em 27\/12\/2023, at\u00e9 o momento, foram emitidas mais de 130 mil carteiras, sendo 86 mil apenas em janeiro deste ano, nos mais de 400 Postos de Identifica\u00e7\u00e3o da\u00a0Pol\u00edcia [&hellip;]<\/p>\n","protected":false},"author":246,"featured_media":220863,"comment_status":"closed","ping_status":"closed","sticky":false,"template":"","format":"standard","meta":{"footnotes":""},"categories":[436,254,439],"tags":[],"class_list":["post-220862","post","type-post","status-publish","format-standard","has-post-thumbnail","hentry","category-destaque-da-semana","category-politica","category-ultima-hora"],"_links":{"self":[{"href":"https:\/\/diarioregionaldigital.com.br\/index.php?rest_route=\/wp\/v2\/posts\/220862","targetHints":{"allow":["GET"]}}],"collection":[{"href":"https:\/\/diarioregionaldigital.com.br\/index.php?rest_route=\/wp\/v2\/posts"}],"about":[{"href":"https:\/\/diarioregionaldigital.com.br\/index.php?rest_route=\/wp\/v2\/types\/post"}],"author":[{"embeddable":true,"href":"https:\/\/diarioregionaldigital.com.br\/index.php?rest_route=\/wp\/v2\/users\/246"}],"replies":[{"embeddable":true,"href":"https:\/\/diarioregionaldigital.com.br\/index.php?rest_route=%2Fwp%2Fv2%2Fcomments&post=220862"}],"version-history":[{"count":1,"href":"https:\/\/diarioregionaldigital.com.br\/index.php?rest_route=\/wp\/v2\/posts\/220862\/revisions"}],"predecessor-version":[{"id":220864,"href":"https:\/\/diarioregionaldigital.com.br\/index.php?rest_route=\/wp\/v2\/posts\/220862\/revisions\/220864"}],"wp:featuredmedia":[{"embeddable":true,"href":"https:\/\/diarioregionaldigital.com.br\/index.php?rest_route=\/wp\/v2\/media\/220863"}],"wp:attachment":[{"href":"https:\/\/diarioregionaldigital.com.br\/index.php?rest_route=%2Fwp%2Fv2%2Fmedia&parent=220862"}],"wp:term":[{"taxonomy":"category","embeddable":true,"href":"https:\/\/diarioregionaldigital.com.br\/index.php?rest_route=%2Fwp%2Fv2%2Fcategories&post=220862"},{"taxonomy":"post_tag","embeddable":true,"href":"https:\/\/diarioregionaldigital.com.br\/index.php?rest_route=%2Fwp%2Fv2%2Ftags&post=220862"}],"curies":[{"name":"wp","href":"https:\/\/api.w.org\/{rel}","templated":true}]}}