{"id":220853,"date":"2024-01-26T18:12:15","date_gmt":"2024-01-26T21:12:15","guid":{"rendered":"https:\/\/diarioregionaldigital.com.br\/?p=220853"},"modified":"2024-01-26T19:12:11","modified_gmt":"2024-01-26T22:12:11","slug":"estado-cria-grupo-especial-de-repressao-ao-crime-organizado","status":"publish","type":"post","link":"https:\/\/diarioregionaldigital.com.br\/?p=220853","title":{"rendered":"Estado cria Grupo Especial de Repress\u00e3o ao Crime Organizado"},"content":{"rendered":"<p><main class=\"clear margin-md-bottom-3\"><\/p>\n<div class=\"clear col-md-10 col-md-offset-1 \">\n<p>Com o objetivo de intensificar a\u00e7\u00f5es qualificadas de repress\u00e3o \u00e0 criminalidade organizada, a<a href=\"https:\/\/www.seguranca.mg.gov.br\/\" target=\"_blank\" rel=\"noopener\">\u00a0Secretaria de Estado de Justi\u00e7a e Seguran\u00e7a P\u00fablica (Sejusp)<\/a>\u00a0e a\u00a0<a href=\"https:\/\/www.policiacivil.mg.gov.br\/\" target=\"_blank\" rel=\"noopener\">Pol\u00edcia Civil de Minas Gerais (PCMG)<\/a>\u00a0firmaram coopera\u00e7\u00e3o t\u00e9cnica para a cria\u00e7\u00e3o do Grupo Especial de Repress\u00e3o ao Crime Organizado.<\/p>\n<p>A estrat\u00e9gia prev\u00ea a coopera\u00e7\u00e3o entre ag\u00eancias de intelig\u00eancia, unidades investigativas e grupos operacionais das duas institui\u00e7\u00f5es para o enfrentamento \u00e0s a\u00e7\u00f5es de fac\u00e7\u00f5es criminosas e manifesta\u00e7\u00f5es de grave amea\u00e7a \u00e0 ordem e \u00e0 seguran\u00e7a p\u00fablica.<\/p>\n<p>A institui\u00e7\u00e3o de um grupo especializado de organismos policiais constitui ferramenta nacional e internacionalmente aceita como efetiva para a conten\u00e7\u00e3o da criminalidade.<\/p>\n<p>Para formalizar a parceria, o secret\u00e1rio de Estado de Justi\u00e7a e Seguran\u00e7a P\u00fablica, Rog\u00e9rio Greco, e a chefe da Pol\u00edcia Civil de Minas Gerais, delegada-geral Let\u00edcia Gamboge, reuniram-se na tarde de quinta-feira (25\/1), juntamente com as equipes envolvidas na cria\u00e7\u00e3o do grupo especial.<\/p>\n<p><strong>Tempo real\u00a0<\/strong><\/p>\n<p>Rog\u00e9rio Greco ressaltou que o foco principal \u00e9 tentar minar a atua\u00e7\u00e3o de fac\u00e7\u00f5es criminosas em Minas Gerais.<\/p>\n<p>\u201cCom essa parceria com a Pol\u00edcia Civil, a Seguran\u00e7a P\u00fablica d\u00e1 um passo extraordin\u00e1rio, porque agora a gente tem toda a intelig\u00eancia do sistema prisional utilizada de forma muito mais c\u00e9lere. As informa\u00e7\u00f5es que a gente tem ser\u00e3o utilizadas em tempo real, e isso tem um efeito inibidor assustador para essas fac\u00e7\u00f5es criminosas\u201d.<\/p>\n<p>A chefe da PCMG tamb\u00e9m destacou a relev\u00e2ncia da cria\u00e7\u00e3o do grupo para o combate \u00e0 criminalidade no estado.<\/p>\n<p>&#8220;A celebra\u00e7\u00e3o do acordo de coopera\u00e7\u00e3o t\u00e9cnica \u00e9 de suma import\u00e2ncia, pois potencializar\u00e1 as ferramentas para a investiga\u00e7\u00e3o criminal no \u00e2mbito da PCMG&#8221;.<\/p>\n<p>Para o diretor-geral da Ag\u00eancia Central de Intelig\u00eancia da Sejusp, delegado Murillo Ribeiro de Lima, um dos coordenadores-gerais do novo grupo, \u201ca iniciativa potencializa a\u00e7\u00f5es estrat\u00e9gicas, aproxima as institui\u00e7\u00f5es e entrega ao cidad\u00e3o mineiro uma resposta ainda mais assertiva frente ao fen\u00f4meno do crime organizado e suas vari\u00e1veis\u201d.<\/p>\n<p>&nbsp;<\/p>\n<\/div>\n<p><\/main><\/p>\n<footer class=\"col-md-10 col-md-offset-1 \">Fonte: Ag\u00eancia Minas\u00a0<\/footer>\n","protected":false},"excerpt":{"rendered":"<p>Com o objetivo de intensificar a\u00e7\u00f5es qualificadas de repress\u00e3o \u00e0 criminalidade organizada, a\u00a0Secretaria de Estado de Justi\u00e7a e Seguran\u00e7a P\u00fablica (Sejusp)\u00a0e a\u00a0Pol\u00edcia Civil de Minas Gerais (PCMG)\u00a0firmaram coopera\u00e7\u00e3o t\u00e9cnica para a cria\u00e7\u00e3o do Grupo Especial de Repress\u00e3o ao Crime Organizado. A estrat\u00e9gia prev\u00ea a coopera\u00e7\u00e3o entre ag\u00eancias de intelig\u00eancia, unidades investigativas e grupos operacionais das [&hellip;]<\/p>\n","protected":false},"author":246,"featured_media":220854,"comment_status":"closed","ping_status":"closed","sticky":false,"template":"","format":"standard","meta":{"footnotes":""},"categories":[436,440,254,252,439],"tags":[],"class_list":["post-220853","post","type-post","status-publish","format-standard","has-post-thumbnail","hentry","category-destaque-da-semana","category-destaques-do-dia","category-politica","category-regiao","category-ultima-hora"],"_links":{"self":[{"href":"https:\/\/diarioregionaldigital.com.br\/index.php?rest_route=\/wp\/v2\/posts\/220853","targetHints":{"allow":["GET"]}}],"collection":[{"href":"https:\/\/diarioregionaldigital.com.br\/index.php?rest_route=\/wp\/v2\/posts"}],"about":[{"href":"https:\/\/diarioregionaldigital.com.br\/index.php?rest_route=\/wp\/v2\/types\/post"}],"author":[{"embeddable":true,"href":"https:\/\/diarioregionaldigital.com.br\/index.php?rest_route=\/wp\/v2\/users\/246"}],"replies":[{"embeddable":true,"href":"https:\/\/diarioregionaldigital.com.br\/index.php?rest_route=%2Fwp%2Fv2%2Fcomments&post=220853"}],"version-history":[{"count":1,"href":"https:\/\/diarioregionaldigital.com.br\/index.php?rest_route=\/wp\/v2\/posts\/220853\/revisions"}],"predecessor-version":[{"id":220855,"href":"https:\/\/diarioregionaldigital.com.br\/index.php?rest_route=\/wp\/v2\/posts\/220853\/revisions\/220855"}],"wp:featuredmedia":[{"embeddable":true,"href":"https:\/\/diarioregionaldigital.com.br\/index.php?rest_route=\/wp\/v2\/media\/220854"}],"wp:attachment":[{"href":"https:\/\/diarioregionaldigital.com.br\/index.php?rest_route=%2Fwp%2Fv2%2Fmedia&parent=220853"}],"wp:term":[{"taxonomy":"category","embeddable":true,"href":"https:\/\/diarioregionaldigital.com.br\/index.php?rest_route=%2Fwp%2Fv2%2Fcategories&post=220853"},{"taxonomy":"post_tag","embeddable":true,"href":"https:\/\/diarioregionaldigital.com.br\/index.php?rest_route=%2Fwp%2Fv2%2Ftags&post=220853"}],"curies":[{"name":"wp","href":"https:\/\/api.w.org\/{rel}","templated":true}]}}