{"id":220847,"date":"2024-01-26T18:00:14","date_gmt":"2024-01-26T21:00:14","guid":{"rendered":"https:\/\/diarioregionaldigital.com.br\/?p=220847"},"modified":"2024-01-26T18:00:14","modified_gmt":"2024-01-26T21:00:14","slug":"caixa-firma-termo-de-conduta-para-compensar-vitimas-de-perseguicao","status":"publish","type":"post","link":"https:\/\/diarioregionaldigital.com.br\/?p=220847","title":{"rendered":"Caixa firma termo de conduta para compensar v\u00edtimas de persegui\u00e7\u00e3o"},"content":{"rendered":"<p>Os empregados da Caixa Econ\u00f4mica Federal v\u00edtimas de persegui\u00e7\u00e3o durante a gest\u00e3o do ex-presidente do banco, Pedro Guimar\u00e3es (foto), ter\u00e3o vantagem nas disputas em processos seletivos. A Caixa assinou um termo de ajuste de conduta (TAC) com o Minist\u00e9rio P\u00fablico do Trabalho do Distrito Federal<img decoding=\"async\" src=\"https:\/\/agenciabrasil.ebc.com.br\/ebc.png?id=1577984&amp;o=node\" \/><img decoding=\"async\" src=\"https:\/\/agenciabrasil.ebc.com.br\/ebc.gif?id=1577984&amp;o=node\" \/><\/p>\n<p>Pelo TAC, o tempo de experi\u00eancia a ser considerado nos processos seletivos internos (PSI) da Caixa para fun\u00e7\u00f5es gratificadas e cargos comissionados aumentou de cinco para dez anos. Isso ocorreu para que empregados que perderam cargos de confian\u00e7a e foram remanejados para ag\u00eancias entre 2019 e 2022 possam ser avaliados pela experi\u00eancia acumulada antes de sofrerem persegui\u00e7\u00e3o.<\/p>\n<p>\u201cEssa era uma demanda das entidades associativas e dos sindicatos para que se fizesse justi\u00e7a aos empregados que foram perseguidos pelo ex-presidente do banco, Pedro Guimar\u00e3es. A experi\u00eancia desses trabalhadores, acumulada durante anos de servi\u00e7os, \u00e9 essencial para a Caixa, e o TAC garantir\u00e1 que essa experi\u00eancia seja contabilizada no processo de sele\u00e7\u00e3o\u201d, destacou a Federa\u00e7\u00e3o Nacional das Associa\u00e7\u00f5es do Pessoal da Caixa (Fenae), em nota.<\/p>\n<p>Al\u00e9m da Fenae, a Confedera\u00e7\u00e3o Nacional dos Trabalhadores do Ramo Financeiro (Contraf\/CUT) participou das negocia\u00e7\u00f5es e da audi\u00eancia de assinatura do TAC.\u00a0<a href=\"https:\/\/www.fenae.org.br\/portal\/data\/files\/62\/40\/17\/AD\/2FB3D81020C812D8403A91A8\/TAC_MPTDF%20e%20Caixa.pdf\" target=\"_blank\" rel=\"noopener\">A \u00edntegra do acordo pode ser vista aqui.<\/a><\/p>\n<p>Durante a gest\u00e3o de\u00a0<a href=\"http:\/\/agenciabrasil.ebc.com.br\/politica\/noticia\/2022-06\/pedro-guimaraes-oficializa-demissao-como-presidente-da-caixa\" target=\"_blank\" rel=\"noopener\">Pedro Guimar\u00e3es<\/a>, que renunciou ao comando da Caixa ap\u00f3s den\u00fancias de ass\u00e9dio moral, diretores e superintendentes do banco foram transferidos de forma arbitr\u00e1ria para ag\u00eancias. Segundo a Fenae, as transfer\u00eancias foram vistas como persegui\u00e7\u00e3o a empregados que ocupavam cargos estrat\u00e9gicos em governos anteriores.<\/p>\n<p>V\u00e1lido para todos os empregados do banco, independentemente de terem sofrido ass\u00e9dio, o prazo de dez anos de experi\u00eancia ser\u00e1 aplicado nos processos seletivos institucionalizados na Caixa, como o PSI tradicional, a forma\u00e7\u00e3o de banco de sucessores e o Experi\u00eancia Oportunidade Caixa.<\/p>\n<p>O TAC tamb\u00e9m aumentou, de tr\u00eas para cinco anos, o aproveitamento da experi\u00eancia do empregado em processos de transfer\u00eancia entre fun\u00e7\u00f5es comissionadas sem processo seletivo. Nesses casos, o funcion\u00e1rio \u00e9 remanejado para uma fun\u00e7\u00e3o de igual ou de menor remunera\u00e7\u00e3o. Segundo o acordo, o prazo maior d\u00e1 mais flexibilidade aos trabalhadores destitu\u00eddos das fun\u00e7\u00f5es para realoca\u00e7\u00f5es e para a retomada da carreira profissional.<\/p>\n<h2>Hist\u00f3rico<\/h2>\n<p>Em mar\u00e7o do ano passado,\u00a0<a href=\"https:\/\/agenciabrasil.ebc.com.br\/justica\/noticia\/2023-03\/ex-presidente-da-caixa-vira-reu-por-assedio-funcionarias-do-banco\" target=\"_blank\" rel=\"noopener\">Guimar\u00e3es virou r\u00e9u\u00a0<\/a>por den\u00fancias de ass\u00e9dio sexual e moral feitas por funcion\u00e1rias da Caixa. A a\u00e7\u00e3o tramita sob sigilo, e a defesa do executivo nega as acusa\u00e7\u00f5es.<\/p>\n<p>Em uma outra a\u00e7\u00e3o, movida pelo Sindicato dos Banc\u00e1rios de S\u00e3o Paulo, Osasco e Regi\u00e3o, a Caixa foi condenada a pagar R$ 3,5 milh\u00f5es de indeniza\u00e7\u00e3o por um evento no interior de S\u00e3o Paulo em que Guimar\u00e3es obrigou funcion\u00e1rios a fazer flex\u00f5es em estilo militar.<\/p>\n<p>Em abril do ano passado, a Caixa fechou um acordo com o Minist\u00e9rio P\u00fablico do Trabalho do Distrito Federal\u00a0<a href=\"https:\/\/agenciabrasil.ebc.com.br\/justica\/noticia\/2023-04\/caixa-pagara-r-10-milhoes-por-casos-de-assedio-de-ex-presidente\" target=\"_blank\" rel=\"noopener\">para pagar uma indeniza\u00e7\u00e3o de R$ 10 milh\u00f5es<\/a>\u00a0para encerrar a den\u00fancia das funcion\u00e1rias. O acordo evitou que a institui\u00e7\u00e3o financeira pagasse multa de at\u00e9 R$ 300 milh\u00f5es. Na ocasi\u00e3o, a Caixa informou que cobraria de Pedro Guimar\u00e3es, na Justi\u00e7a, o dinheiro das indeniza\u00e7\u00f5es.<\/p>\n<p>Fonte: Ag\u00eancia Brasil<\/p>\n","protected":false},"excerpt":{"rendered":"<p>Os empregados da Caixa Econ\u00f4mica Federal v\u00edtimas de persegui\u00e7\u00e3o durante a gest\u00e3o do ex-presidente do banco, Pedro Guimar\u00e3es (foto), ter\u00e3o vantagem nas disputas em processos seletivos. A Caixa assinou um termo de ajuste de conduta (TAC) com o Minist\u00e9rio P\u00fablico do Trabalho do Distrito Federal Pelo TAC, o tempo de experi\u00eancia a ser considerado nos [&hellip;]<\/p>\n","protected":false},"author":246,"featured_media":220848,"comment_status":"closed","ping_status":"closed","sticky":false,"template":"","format":"standard","meta":{"footnotes":""},"categories":[436,261,439],"tags":[],"class_list":["post-220847","post","type-post","status-publish","format-standard","has-post-thumbnail","hentry","category-destaque-da-semana","category-economia","category-ultima-hora"],"_links":{"self":[{"href":"https:\/\/diarioregionaldigital.com.br\/index.php?rest_route=\/wp\/v2\/posts\/220847","targetHints":{"allow":["GET"]}}],"collection":[{"href":"https:\/\/diarioregionaldigital.com.br\/index.php?rest_route=\/wp\/v2\/posts"}],"about":[{"href":"https:\/\/diarioregionaldigital.com.br\/index.php?rest_route=\/wp\/v2\/types\/post"}],"author":[{"embeddable":true,"href":"https:\/\/diarioregionaldigital.com.br\/index.php?rest_route=\/wp\/v2\/users\/246"}],"replies":[{"embeddable":true,"href":"https:\/\/diarioregionaldigital.com.br\/index.php?rest_route=%2Fwp%2Fv2%2Fcomments&post=220847"}],"version-history":[{"count":1,"href":"https:\/\/diarioregionaldigital.com.br\/index.php?rest_route=\/wp\/v2\/posts\/220847\/revisions"}],"predecessor-version":[{"id":220849,"href":"https:\/\/diarioregionaldigital.com.br\/index.php?rest_route=\/wp\/v2\/posts\/220847\/revisions\/220849"}],"wp:featuredmedia":[{"embeddable":true,"href":"https:\/\/diarioregionaldigital.com.br\/index.php?rest_route=\/wp\/v2\/media\/220848"}],"wp:attachment":[{"href":"https:\/\/diarioregionaldigital.com.br\/index.php?rest_route=%2Fwp%2Fv2%2Fmedia&parent=220847"}],"wp:term":[{"taxonomy":"category","embeddable":true,"href":"https:\/\/diarioregionaldigital.com.br\/index.php?rest_route=%2Fwp%2Fv2%2Fcategories&post=220847"},{"taxonomy":"post_tag","embeddable":true,"href":"https:\/\/diarioregionaldigital.com.br\/index.php?rest_route=%2Fwp%2Fv2%2Ftags&post=220847"}],"curies":[{"name":"wp","href":"https:\/\/api.w.org\/{rel}","templated":true}]}}