{"id":220716,"date":"2024-01-22T19:09:46","date_gmt":"2024-01-22T22:09:46","guid":{"rendered":"https:\/\/diarioregionaldigital.com.br\/?p=220716"},"modified":"2024-01-22T19:09:46","modified_gmt":"2024-01-22T22:09:46","slug":"tre-rj-faz-campanha-para-concluir-biometria-de-4-milhoes-de-eleitores","status":"publish","type":"post","link":"https:\/\/diarioregionaldigital.com.br\/?p=220716","title":{"rendered":"TRE-RJ faz campanha para concluir biometria de 4 milh\u00f5es de eleitores"},"content":{"rendered":"<p>O Tribunal Regional Eleitoral do Rio de Janeiro (TRE-RJ) lan\u00e7ou, nesta segunda-feira (22), campanha para concluir o levantamento biom\u00e9trico de todos os eleitores do estado at\u00e9 a data do fechamento do Cadastro Eleitoral, em 8 de maio.<img decoding=\"async\" src=\"https:\/\/agenciabrasil.ebc.com.br\/ebc.png?id=1577295&amp;o=node\" \/><img decoding=\"async\" src=\"https:\/\/agenciabrasil.ebc.com.br\/ebc.gif?id=1577295&amp;o=node\" \/><\/p>\n<p>Segundo o tribunal, o estado tem pouco mais de 65% de seus eleitores com as impress\u00f5es digitais registradas na Justi\u00e7a Eleitoral. Isso significa que cerca de 4,3 milh\u00f5es de eleitores ainda n\u00e3o fizeram a coleta das digitais. Na cidade do Rio, a situa\u00e7\u00e3o \u00e9 pior, com apenas cerca de 60% de eleitores com biometria e dois milh\u00f5es sem o cadastro.<\/p>\n<p>A Justi\u00e7a Eleitoral optou pela utiliza\u00e7\u00e3o de impress\u00f5es digitais para identificar os eleitores em 2008, e, desde ent\u00e3o, realiza o cadastramento biom\u00e9trico, com prazo final marcado para 2026. O TRE do Rio pretende atingir a meta nas elei\u00e7\u00f5es de 2024.<\/p>\n<p>O Rio de Janeiro \u00e9 um dos estados que tem o menor percentual de cadastrados. Abaixo dele, apenas Minas Gerais (62%) e Esp\u00edrito Santo (55%). A unidade da federa\u00e7\u00e3o que est\u00e1 mais perto de concluir o processo \u00e9 o Piau\u00ed, com quase 94% de eleitores com biometria.<\/p>\n<h2>Procedimento r\u00e1pido<\/h2>\n<p>O presidente do TRE-RJ, desembargador Henrique Carlos de Andrade Figueira, explica que o procedimento \u00e9 r\u00e1pido e adiciona mais uma camada de seguran\u00e7a ao processo de vota\u00e7\u00e3o.<\/p>\n<p>&#8220;As digitais coletadas garantem que cada pessoa seja \u00fanica no Cadastro Eleitoral, afastando a possibilidade de um eleitor se passar por outro na hora de votar. Esse \u00e9 um procedimento que refor\u00e7a a seguran\u00e7a de todo o processo eleitoral e da sociedade&#8221;, afirmou em entrevista coletiva.<\/p>\n<h2>Como se cadastrar<\/h2>\n<p>Os eleitores de todos os estados podem conferir se suas biometrias j\u00e1 foram registradas no site da\u00a0<a href=\"https:\/\/www.tse.jus.br\/servicos-eleitorais\/titulo-e-local-de-votacao\/copy_of_consulta-por-nome\" target=\"_blank\" rel=\"noopener\">Justi\u00e7a Eleitoral<\/a>.<\/p>\n<p>O TRE-RJ indica que os eleitores fluminenses que n\u00e3o estejam biometrizados devem procurar, o quanto antes, um dos 165 cart\u00f3rios eleitorais ou uma das 18 Centrais de Atendimento ao Eleitor, das 11h \u00e0s 17h. \u00c9 necess\u00e1rio levar documento de identifica\u00e7\u00e3o com foto e comprovante de resid\u00eancia.<\/p>\n<p>Para aumentar o acesso ao servi\u00e7o, ser\u00e1 realizada esta semana uma a\u00e7\u00e3o &#8211; em parceria com a concession\u00e1ria o Metr\u00f4 do Rio de Janeiro, a Metr\u00f4Rio. Dez guich\u00eas de atendimento do TRE-RJ estar\u00e3o entre ter\u00e7a (23) e quinta (25) no interior do Acesso C da esta\u00e7\u00e3o Carioca\/Centro, das 9h \u00e0s 15h, para realizar o cadastramento biom\u00e9trico.<\/p>\n<p>Diretora-geral do TRE-RJ, Eline Iris convida os eleitores para que se antecipem e fa\u00e7am o cadastramento antes da reta final do prazo, que termina em 8 de maio, e tamb\u00e9m vale para outros servi\u00e7os referentes \u00e0 situa\u00e7\u00e3o eleitoral.<\/p>\n<p>&#8220;Queremos evitar as tradicionais filas de \u00faltima hora, at\u00e9 porque a coleta de biometria aumenta essa procura. O ideal \u00e9 antecipar&#8221;, finalizou.<\/p>\n<p>Fonte: Ag\u00eancia Brasil<\/p>\n","protected":false},"excerpt":{"rendered":"<p>O Tribunal Regional Eleitoral do Rio de Janeiro (TRE-RJ) lan\u00e7ou, nesta segunda-feira (22), campanha para concluir o levantamento biom\u00e9trico de todos os eleitores do estado at\u00e9 a data do fechamento do Cadastro Eleitoral, em 8 de maio. Segundo o tribunal, o estado tem pouco mais de 65% de seus eleitores com as impress\u00f5es digitais registradas [&hellip;]<\/p>\n","protected":false},"author":246,"featured_media":220717,"comment_status":"closed","ping_status":"closed","sticky":false,"template":"","format":"standard","meta":{"footnotes":""},"categories":[436,254,439],"tags":[],"class_list":["post-220716","post","type-post","status-publish","format-standard","has-post-thumbnail","hentry","category-destaque-da-semana","category-politica","category-ultima-hora"],"_links":{"self":[{"href":"https:\/\/diarioregionaldigital.com.br\/index.php?rest_route=\/wp\/v2\/posts\/220716","targetHints":{"allow":["GET"]}}],"collection":[{"href":"https:\/\/diarioregionaldigital.com.br\/index.php?rest_route=\/wp\/v2\/posts"}],"about":[{"href":"https:\/\/diarioregionaldigital.com.br\/index.php?rest_route=\/wp\/v2\/types\/post"}],"author":[{"embeddable":true,"href":"https:\/\/diarioregionaldigital.com.br\/index.php?rest_route=\/wp\/v2\/users\/246"}],"replies":[{"embeddable":true,"href":"https:\/\/diarioregionaldigital.com.br\/index.php?rest_route=%2Fwp%2Fv2%2Fcomments&post=220716"}],"version-history":[{"count":1,"href":"https:\/\/diarioregionaldigital.com.br\/index.php?rest_route=\/wp\/v2\/posts\/220716\/revisions"}],"predecessor-version":[{"id":220718,"href":"https:\/\/diarioregionaldigital.com.br\/index.php?rest_route=\/wp\/v2\/posts\/220716\/revisions\/220718"}],"wp:featuredmedia":[{"embeddable":true,"href":"https:\/\/diarioregionaldigital.com.br\/index.php?rest_route=\/wp\/v2\/media\/220717"}],"wp:attachment":[{"href":"https:\/\/diarioregionaldigital.com.br\/index.php?rest_route=%2Fwp%2Fv2%2Fmedia&parent=220716"}],"wp:term":[{"taxonomy":"category","embeddable":true,"href":"https:\/\/diarioregionaldigital.com.br\/index.php?rest_route=%2Fwp%2Fv2%2Fcategories&post=220716"},{"taxonomy":"post_tag","embeddable":true,"href":"https:\/\/diarioregionaldigital.com.br\/index.php?rest_route=%2Fwp%2Fv2%2Ftags&post=220716"}],"curies":[{"name":"wp","href":"https:\/\/api.w.org\/{rel}","templated":true}]}}