{"id":220675,"date":"2024-01-19T21:28:22","date_gmt":"2024-01-20T00:28:22","guid":{"rendered":"https:\/\/diarioregionaldigital.com.br\/?p=220675"},"modified":"2024-01-19T21:31:29","modified_gmt":"2024-01-20T00:31:29","slug":"extrato-de-contrato-20-01-2024","status":"publish","type":"post","link":"https:\/\/diarioregionaldigital.com.br\/?p=220675","title":{"rendered":"EXTRATO DE CONTRATO &#8211; CONT 003 &#8211; 20\/01\/2024"},"content":{"rendered":"<p style=\"text-align: center;\">EXTRATO DE CONTRATO<\/p>\n<p style=\"text-align: center;\">\n<p style=\"text-align: center;\">Pref. Municipal de Descoberto x Silvana Ramos da Silva 68472587649 \u2013 Contrata\u00e7\u00e3o da Banda MILLENIUM para apresenta\u00e7\u00e3o musical nas festividades do Carnaval 2024 no dia 12 de fevereiro \u2013 \u00a0Fundamento: Inexigibilidade \u00a0n\u00ba 003\/2024 &#8211; Valor Global: R$11.000,00 \u00a0&#8211; Vig\u00eancia: 13\/02\/2024-\u00a0 Dot or\u00e7: 02.016.000.18.695.0018.2151.000151.339039.00\/500 &#8211; \u00a0\u00a0Ass: 18\/01\/2024 &#8211; Foro: S\u00e3o Jo\u00e3o Nepomuceno\/MG.<\/p>\n<p style=\"text-align: center;\">\n<p style=\"text-align: center;\">Marcos de Ara\u00fajo Lima<\/p>\n<p style=\"text-align: center;\">Prefeito Municipal<\/p>\n","protected":false},"excerpt":{"rendered":"<p>EXTRATO DE CONTRATO Pref. Municipal de Descoberto x Silvana Ramos da Silva 68472587649 \u2013 Contrata\u00e7\u00e3o da Banda MILLENIUM para apresenta\u00e7\u00e3o musical nas festividades do Carnaval 2024 no dia 12 de fevereiro \u2013 \u00a0Fundamento: Inexigibilidade \u00a0n\u00ba 003\/2024 &#8211; Valor Global: R$11.000,00 \u00a0&#8211; Vig\u00eancia: 13\/02\/2024-\u00a0 Dot or\u00e7: 02.016.000.18.695.0018.2151.000151.339039.00\/500 &#8211; \u00a0\u00a0Ass: 18\/01\/2024 &#8211; Foro: S\u00e3o Jo\u00e3o Nepomuceno\/MG. Marcos [&hellip;]<\/p>\n","protected":false},"author":246,"featured_media":0,"comment_status":"closed","ping_status":"closed","sticky":false,"template":"","format":"standard","meta":{"footnotes":""},"categories":[307],"tags":[],"class_list":["post-220675","post","type-post","status-publish","format-standard","hentry","category-editais"],"_links":{"self":[{"href":"https:\/\/diarioregionaldigital.com.br\/index.php?rest_route=\/wp\/v2\/posts\/220675","targetHints":{"allow":["GET"]}}],"collection":[{"href":"https:\/\/diarioregionaldigital.com.br\/index.php?rest_route=\/wp\/v2\/posts"}],"about":[{"href":"https:\/\/diarioregionaldigital.com.br\/index.php?rest_route=\/wp\/v2\/types\/post"}],"author":[{"embeddable":true,"href":"https:\/\/diarioregionaldigital.com.br\/index.php?rest_route=\/wp\/v2\/users\/246"}],"replies":[{"embeddable":true,"href":"https:\/\/diarioregionaldigital.com.br\/index.php?rest_route=%2Fwp%2Fv2%2Fcomments&post=220675"}],"version-history":[{"count":2,"href":"https:\/\/diarioregionaldigital.com.br\/index.php?rest_route=\/wp\/v2\/posts\/220675\/revisions"}],"predecessor-version":[{"id":220679,"href":"https:\/\/diarioregionaldigital.com.br\/index.php?rest_route=\/wp\/v2\/posts\/220675\/revisions\/220679"}],"wp:attachment":[{"href":"https:\/\/diarioregionaldigital.com.br\/index.php?rest_route=%2Fwp%2Fv2%2Fmedia&parent=220675"}],"wp:term":[{"taxonomy":"category","embeddable":true,"href":"https:\/\/diarioregionaldigital.com.br\/index.php?rest_route=%2Fwp%2Fv2%2Fcategories&post=220675"},{"taxonomy":"post_tag","embeddable":true,"href":"https:\/\/diarioregionaldigital.com.br\/index.php?rest_route=%2Fwp%2Fv2%2Ftags&post=220675"}],"curies":[{"name":"wp","href":"https:\/\/api.w.org\/{rel}","templated":true}]}}