{"id":220655,"date":"2024-01-18T19:28:28","date_gmt":"2024-01-18T22:28:28","guid":{"rendered":"https:\/\/diarioregionaldigital.com.br\/?p=220655"},"modified":"2024-01-18T19:28:28","modified_gmt":"2024-01-18T22:28:28","slug":"ginasio-municipal-recebe-jf-volei-e-saneago-goias-volei-neste-sabado-20","status":"publish","type":"post","link":"https:\/\/diarioregionaldigital.com.br\/?p=220655","title":{"rendered":"Gin\u00e1sio Municipal recebe JF V\u00f4lei e Saneago Goi\u00e1s V\u00f4lei neste s\u00e1bado, 20"},"content":{"rendered":"<p>Segundo informa\u00e7\u00f5es do site da Prefeitura de Juiz de Fora (PJF), neste s\u00e1bado, 20, o JF V\u00f4lei far\u00e1 sua estreia jogando em casa na Superliga B 2024.Ap\u00f3s a derrota por tr\u00eas sets a zero contra o Bras\u00edlia V\u00f4lei no primeiro jogo da temporada, a equipe juiz-forana recebe o Saneago Goi\u00e1s V\u00f4lei, \u00e0s 19h, no Gin\u00e1sio Municipal Jornalista Ant\u00f4nio Marcos.<br \/>\nAs entradas podem ser adquiridas<a href=\"https:\/\/uzziticket.com\/evento\/?in=174\"><strong>\u00a0online<\/strong><\/a>, ou presencialmente na portaria do gin\u00e1sio, no dia do jogo. Os ingressos t\u00eam o valor de R$22 a inteira e R$12 a meia entrada. Al\u00e9m disso, tamb\u00e9m est\u00e3o dispon\u00edveis os ingressos JF Experience, pelo valor de\u00a0\u00a0R$102 a inteira e R$52 a meia.<br \/>\nEm junho de 2023, a Companhia de Saneamento Municipal (Cesama) da Prefeitura de Juiz de Fora (PJF) firmou patroc\u00ednio para o projeto JF V\u00f4lei. O valor acertado do patroc\u00ednio foi de R$ 700 mil por dois anos. A parceria entre a Cesama e a Associa\u00e7\u00e3o de Ensino e Pesquisa em Esporte e Lazer (Asepel), coordenadora do projeto JF V\u00f4lei, tem como objetivo principal oferecer condi\u00e7\u00f5es t\u00e9cnicas e infraestrutura para a equipe de voleibol masculino do JF V\u00f4lei, a fim de desenvolver seu potencial esportivo e representar Juiz de Fora na Superliga C e no Campeonato Mineiro de Voleibol nesses dois anos.<\/p>\n<div><\/div>\n","protected":false},"excerpt":{"rendered":"<p>Segundo informa\u00e7\u00f5es do site da Prefeitura de Juiz de Fora (PJF), neste s\u00e1bado, 20, o JF V\u00f4lei far\u00e1 sua estreia jogando em casa na Superliga B 2024.Ap\u00f3s a derrota por tr\u00eas sets a zero contra o Bras\u00edlia V\u00f4lei no primeiro jogo da temporada, a equipe juiz-forana recebe o Saneago Goi\u00e1s V\u00f4lei, \u00e0s 19h, no Gin\u00e1sio [&hellip;]<\/p>\n","protected":false},"author":246,"featured_media":220656,"comment_status":"closed","ping_status":"closed","sticky":false,"template":"","format":"standard","meta":{"footnotes":""},"categories":[253,436,439],"tags":[],"class_list":["post-220655","post","type-post","status-publish","format-standard","has-post-thumbnail","hentry","category-cidade","category-destaque-da-semana","category-ultima-hora"],"_links":{"self":[{"href":"https:\/\/diarioregionaldigital.com.br\/index.php?rest_route=\/wp\/v2\/posts\/220655","targetHints":{"allow":["GET"]}}],"collection":[{"href":"https:\/\/diarioregionaldigital.com.br\/index.php?rest_route=\/wp\/v2\/posts"}],"about":[{"href":"https:\/\/diarioregionaldigital.com.br\/index.php?rest_route=\/wp\/v2\/types\/post"}],"author":[{"embeddable":true,"href":"https:\/\/diarioregionaldigital.com.br\/index.php?rest_route=\/wp\/v2\/users\/246"}],"replies":[{"embeddable":true,"href":"https:\/\/diarioregionaldigital.com.br\/index.php?rest_route=%2Fwp%2Fv2%2Fcomments&post=220655"}],"version-history":[{"count":1,"href":"https:\/\/diarioregionaldigital.com.br\/index.php?rest_route=\/wp\/v2\/posts\/220655\/revisions"}],"predecessor-version":[{"id":220657,"href":"https:\/\/diarioregionaldigital.com.br\/index.php?rest_route=\/wp\/v2\/posts\/220655\/revisions\/220657"}],"wp:featuredmedia":[{"embeddable":true,"href":"https:\/\/diarioregionaldigital.com.br\/index.php?rest_route=\/wp\/v2\/media\/220656"}],"wp:attachment":[{"href":"https:\/\/diarioregionaldigital.com.br\/index.php?rest_route=%2Fwp%2Fv2%2Fmedia&parent=220655"}],"wp:term":[{"taxonomy":"category","embeddable":true,"href":"https:\/\/diarioregionaldigital.com.br\/index.php?rest_route=%2Fwp%2Fv2%2Fcategories&post=220655"},{"taxonomy":"post_tag","embeddable":true,"href":"https:\/\/diarioregionaldigital.com.br\/index.php?rest_route=%2Fwp%2Fv2%2Ftags&post=220655"}],"curies":[{"name":"wp","href":"https:\/\/api.w.org\/{rel}","templated":true}]}}